{"id":57301,"date":"2022-04-05T12:08:00","date_gmt":"2022-04-05T16:08:00","guid":{"rendered":"https:\/\/www.assistscholars.org\/?p=57301"},"modified":"2024-11-22T12:16:07","modified_gmt":"2024-11-22T17:16:07","slug":"pribehy-z-polska-behem-valky-na-ukrajine","status":"publish","type":"post","link":"https:\/\/www.assistscholars.org\/cs\/stories-from-poland-during-the-war-in-ukraine\/","title":{"rendered":"P\u0159\u00edb\u011bhy z Polska b\u011bhem v\u00e1lky na Ukrajin\u011b"},"content":{"rendered":"<p>5. dubna 2022<\/p>\n\n\n\n<p>5. dubna 2022 Vedle v\u00e1lky na Ukrajin\u011b jsme m\u011bli mo\u017enost vid\u011bt i sv\u011btlej\u0161\u00ed str\u00e1nku lidskosti - lidi z r\u016fzn\u00fdch prost\u0159ed\u00ed, kte\u0159\u00ed se spojili, aby pomohli t\u011bm, kte\u0159\u00ed to pot\u0159ebuj\u00ed. ASSIST p\u016fsob\u00ed v Polsku od roku 2011 a mnoho \u010dlen\u016f na\u0161\u00ed komunity ASSIST je v p\u0159edn\u00edch lini\u00edch humanit\u00e1rn\u00ed pomoci....<\/p>\n\n\n\n<p><strong>Joanna Martyni-Orenowicz P \u201911, P \u201915, koordin\u00e1torka pro jednotliv\u00e9 zem\u011b<\/strong><\/p>\n\n\n\n<figure class=\"wp-block-image is-resized\" id=\"yui_3_17_2_1_1730131639968_67\"><img decoding=\"async\" src=\"https:\/\/images.squarespace-cdn.com\/content\/v1\/62044d0103ed5553947f0f96\/a0fdbba5-13f7-4b5a-96c6-bf44e3684458\/Unknown.jpg\" alt=\"\" style=\"width:232px;height:auto\"\/><\/figure>\n\n\n\n<p>\u201cSituace je velmi napjat\u00e1. Z Ukrajiny jsem dodal mnoho zbo\u017e\u00ed, kter\u00e9 se m\u00e1 rozd\u011blit mezi pot\u0159ebn\u00e9. \u017dena, kter\u00e1 se starala o mou matku, je Ukrajinka. Nyn\u00ed pracuje pro jinou rodinu, ale z\u016fstaly jsme v kontaktu. Pro\u017e\u00edv\u00e1 velmi t\u011b\u017ek\u00e9 chv\u00edle, proto\u017ee jej\u00ed syn, kter\u00fd dva roky pracoval v polsk\u00e9 tov\u00e1rn\u011b, se rozhodl vr\u00e1tit a bojovat za svou zemi. Ut\u011b\u0161uji ji, jak jen mohu, a douf\u00e1m, \u017ee p\u0159e\u017eije ve zdrav\u00ed. Je to no\u010dn\u00ed m\u016fra pro ka\u017edou matku.\u201d<\/p>\n\n\n\n<p>***<\/p>\n\n\n\n<p><strong>Lena Nowaczek, ASSIST \u201921, Kingswood Oxford School<\/strong><\/p>\n\n\n\n<figure class=\"wp-block-image\" id=\"yui_3_17_2_1_1730131639968_86\"><img decoding=\"async\" src=\"https:\/\/images.squarespace-cdn.com\/content\/v1\/62044d0103ed5553947f0f96\/ec31ec07-b37a-4419-895d-75c498337eb3\/277703407_709273496739723_9166024223169441806_n.jpg\" alt=\"\"\/><\/figure>\n\n\n\n<p>\u201cChod\u00edm do mezin\u00e1rodn\u00ed \u0161koly v Oxfordu, tak\u017ee spousta m\u00fdch kamar\u00e1d\u016f poch\u00e1z\u00ed z Ukrajiny a Ruska. N\u011bkte\u0159\u00ed z nich se po na\u0161ich semestr\u00e1ln\u00edch pr\u00e1zdnin\u00e1ch vr\u00e1tili se zpo\u017ed\u011bn\u00edm, proto\u017ee nebylo mo\u017en\u00e9 vycestovat. Na p\u0159\u00ed\u0161t\u00ed pr\u00e1zdniny se dom\u016f nevr\u00e1t\u00ed, proto\u017ee se nemaj\u00ed kam vr\u00e1tit. Na na\u0161\u00ed \u0161kole jsou lid\u00e9, jejich\u017e otcov\u00e9 se rozhodli z\u016fstat na Ukrajin\u011b a bojovat. Jako komunita se sna\u017e\u00edme zapojit, ale z\u0159ejm\u011b nic nem\u016f\u017ee zm\u00edrnit jejich bolest a strach zp\u016fsoben\u00fd situac\u00ed. Moji rodi\u010de v Polsku zat\u00edm p\u0159ijali t\u0159i rodiny z Ukrajiny. Mnoho lid\u00ed p\u0159ijelo bez ni\u010deho; bez pen\u011bz, bez oble\u010den\u00ed, bez pl\u00e1n\u016f. Bylo pro n\u011b opravdu t\u011b\u017ek\u00e9 zjistit, co te\u010f maj\u00ed d\u011blat.<\/p>\n\n\n\n<p>M\u00e1m tak\u00e9 p\u0159\u00e1tele, kte\u0159\u00ed byli dobrovoln\u00edky na polsko-ukrajinsk\u00e9 hranici. \u0158\u00edkaj\u00ed, \u017ee na psychickou n\u00e1ro\u010dnost tohoto \u00fakolu nebyli p\u0159ipraveni. Pom\u00e1hali, jak jen mohli, ale po t\u0159ech dnech se vr\u00e1tili dom\u016f, proto\u017ee se nemohli d\u00edvat na v\u0161echny ty trag\u00e9die.<\/p>\n\n\n\n<p>Tato v\u00e1lka podkop\u00e1v\u00e1 hodnoty, kter\u00e9 jsme l\u00e9ta budovali. Je tak t\u011b\u017ek\u00e9 sledovat, co se d\u011bje, a nedok\u00e1\u017eu si ani p\u0159edstavit, jak se mus\u00ed c\u00edtit lid\u00e9, kter\u00fdch se to osobn\u011b t\u00fdk\u00e1. M\u011bjme nad\u011bji, \u017ee m\u00edr brzy zv\u00edt\u011bz\u00ed.\u201d<\/p>\n\n\n\n<p>***<\/p>\n\n\n\n<p><strong>Ola Zolkowska, ASSIST \u201916, Wayland Academy<\/strong><\/p>\n\n\n\n<figure class=\"wp-block-image\" id=\"yui_3_17_2_1_1730131639968_95\"><img decoding=\"async\" src=\"https:\/\/images.squarespace-cdn.com\/content\/v1\/62044d0103ed5553947f0f96\/dde18f47-e971-41e9-aa0e-165a81895fe7\/Screen+Shot+2022-03-25+at+11.34.38+AM.png\" alt=\"\"\/><\/figure>\n\n\n\n<p>\u201cNikdy nezapomenu na ten den, na to \u010dtvrte\u010dn\u00ed r\u00e1no, kdy jsem se dozv\u011bd\u011bl o rusk\u00e9m \u00fatoku na Ukrajinu. Co m\u016f\u017ee zn\u00edt sm\u011b\u0161n\u011b, je to, \u017ee jsem se o tom dozv\u011bd\u011bl z memu. U\u017e n\u011bjakou dobu nesleduji m\u00e9dia, proto\u017ee p\u0159esycenost t\u00e9maty pandemie a dal\u0161\u00edch nep\u0159\u00edjemn\u00fdch zpr\u00e1v o polsk\u00e9 vl\u00e1d\u011b m\u011b nejen rozesmutnila, ale i znepokojila, tak\u017ee jsem se na n\u011bjakou dobu rozhodl v\u0161echna m\u00e9dia odfajfkovat a vym\u011bnit je za \u0161t\u011bn\u011b\u010d\u00ed obsah.&nbsp;<\/p>\n\n\n\n<p>Kdy\u017e jsem ten mem uvid\u011bl, v\u011bd\u011bl jsem, \u017ee se muselo st\u00e1t n\u011bco opravdu v\u00e1\u017en\u00e9ho, proto\u017ee memy se objevuj\u00ed a\u017e n\u011bkdy po \u201cvelk\u00fdch\u201d ud\u00e1lostech. Tenhle se objevil r\u00e1no. Okam\u017eit\u011b jsem \u0161el na prvn\u00ed \u010dl\u00e1nek, kter\u00fd jsem na\u0161el na internetu, a nemohl jsem uv\u011b\u0159it tomu, co jsem \u010detl, tak\u017ee jsem \u010detl a \u010detl a \u010detl a nakonec jsem p\u0159i\u0161el pozd\u011b do pr\u00e1ce.<\/p>\n\n\n\n<p>Byl to jeden z nejt\u011b\u017e\u0161\u00edch dn\u016f, kdy jsem se na n\u011bco soust\u0159edil, bylo pro m\u011b tak neskute\u010dn\u00e9 mluvit o \u010d\u00edslech, pod\u00edlech na trhu, excelov\u00fdch tabulk\u00e1ch, zat\u00edmco na\u0161i ukrajin\u0161t\u00ed soused\u00e9 byli pod \u00fatokem. Nikdo se nedok\u00e1zal na nic soust\u0159edit. Na\u0161e pr\u00e1ce mi p\u0159ipadala tak zbyte\u010dn\u00e1.<\/p>\n\n\n\n<p>Dal\u0161\u00ed dny byly jen hor\u0161\u00ed. Nejd\u0159\u00edv jsme to pop\u00edrali. Mysleli jsme si, \u017ee je to jen zl\u00fd sen, ze kter\u00e9ho se druh\u00fd den probud\u00edme. Ale pokra\u010dovalo to d\u00e1l a d\u011bje se to dodnes, v 21. stolet\u00ed. St\u00e1le nedok\u00e1\u017eeme pochopit, \u017ee je to v\u00e1lka, skute\u010dn\u00e1 v\u00e1lka.&nbsp;<\/p>\n\n\n\n<p>T\u00fdden pot\u00e9, co to za\u010dalo, jsme s p\u0159\u00e1teli p\u0159e\u0161li od pop\u00edr\u00e1n\u00ed k pln\u00e9 mobilizaci, proto\u017ee st\u00e1le v\u00edce lid\u00ed na Ukrajin\u011b si za\u010dalo uv\u011bdomovat, \u017ee se to opravdu d\u011bje, a za\u010dali p\u0159ij\u00ed\u017ed\u011bt do Polska, aby po\u017e\u00e1dali o azyl. B\u011bhem jednoho v\u00edkendu jsme zorganizovali tuny krabic s pot\u0159ebn\u00fdmi v\u011bcmi na hranic\u00edch. Pomoc p\u0159ich\u00e1zela odev\u0161ad, jakmile jsme za\u010dali ps\u00e1t na Instagram. Polsk\u00fd instagram se hem\u017eil p\u0159\u00edsp\u011bvky o tom, co je pot\u0159eba, kam to doru\u010dit, kdo to jede na hranice p\u0159ev\u00e9zt. Byla to jako velk\u00e1 s\u00ed\u0165 zpr\u00e1v, kter\u00e1 se ka\u017ed\u00fdm dnem jen zv\u011bt\u0161ovala a zv\u011bt\u0161ovala - p\u0159ib\u00fdvalo p\u0159\u00edsp\u011bvk\u016f o pomoci, kter\u00e1 je pot\u0159eba, p\u0159ib\u00fdvalo lid\u00ed, kte\u0159\u00ed hledali byty, dopravu, hledali sv\u00e9 rodiny, dom\u00e1c\u00ed zv\u00ed\u0159ata, v\u0161echno. Instagram explodoval laskavost\u00ed lid\u00ed a ochotou pomoci.<\/p>\n\n\n\n<p>Sb\u00edrali jsme v\u0161echno od oble\u010den\u00ed p\u0159es l\u00e9ky a\u017e po klece pro p\u0159epravu zv\u00ed\u0159at a p\u0159iv\u00e1\u017eeli to na speci\u00e1ln\u00ed kontroln\u00ed stanovi\u0161t\u011b s velk\u00fdmi transportn\u00edmi vozy, kter\u00e9 to dopravovaly na hranice. Zorganizovali jsme tak\u00e9 skupinu 30 p\u0159\u00e1tel s auty, kte\u0159\u00ed uprchl\u00edky z hranic p\u0159ivezli. S v\u00edce ne\u017e 9 auty jsme b\u011bhem jednoho v\u00edkendu p\u0159epravili p\u0159es 2 000 lid\u00ed. Neust\u00e1le jsme na telefonech kontrolovali dostupn\u00e1 m\u00edsta pro ubytov\u00e1n\u00ed, byty a rodiny, kter\u00e9 byly ochotn\u00e9 p\u0159ijmout na\u0161e ukrajinsk\u00e9 bratry a sestry. C\u00edtili jsme se tak\u00e9 bezmocn\u00ed, proto\u017ee kdy\u017e jsme byli na hranic\u00edch a vid\u011bli tis\u00edce lid\u00ed, kte\u0159\u00ed se v mraziv\u00e9m po\u010das\u00ed \u0161pinili, v\u011bt\u0161inou matky s d\u011btmi, cht\u011bli jsme v\u0161em pomoci, ale nemohli jsme. Ka\u017ed\u00fdm dnem se v\u0161ak zapojovalo v\u00edce a v\u00edce dobrovoln\u00edk\u016f a v\u0161ichni jsme se sna\u017eili ud\u011blat maximum, abychom pomohli co nejv\u00edce lidem.&nbsp;&nbsp;<\/p>\n\n\n\n<p>Zorganizovali jsme tak\u00e9 do\u010dasn\u00e9 centrum pro uprchl\u00edky v jednom z var\u0161avsk\u00fdch klub\u016f. Nakoupili jsme matrace, povle\u010den\u00ed a potraviny. Ka\u017ed\u00fd den jsme mohli ubytovat 50 lid\u00ed, kte\u0159\u00ed \u010dekali na p\u0159id\u011blen\u00ed nebo na to, a\u017e je ostatn\u00ed odvezou n\u011bkam, kde to bylo mo\u017en\u00e9. Byly tam velk\u00e9 rodiny s d\u011btmi, v\u010detn\u011b afgh\u00e1nsk\u00fdch a syrsk\u00fdch mu\u017e\u016f, kter\u00e9 v jin\u00fdch centrech nep\u0159ijali. Jedn\u00edm z nejdojemn\u011bj\u0161\u00edch okam\u017eik\u016f, kter\u00e9 jsem za\u017eil, bylo, kdy\u017e mi jeden star\u00fd mu\u017e \u0159ekl, \u017ee se dva t\u00fddny nesprchoval, a kdy\u017e jsem mu uk\u00e1zal sprchu, za\u010dal mi l\u00edbat ruce a plakal vd\u011b\u010dnost\u00ed. Bylo to srdcervouc\u00ed.&nbsp;<\/p>\n\n\n\n<p>Je tak t\u011b\u017ek\u00e9 shrnout by\u0165 jen desetinu toho, co se v posledn\u00ed dob\u011b d\u011bje, proto\u017ee v\u0161e se st\u00e1le zd\u00e1 tak neskute\u010dn\u00e9. St\u00e1le nem\u016f\u017eeme uv\u011b\u0159it, \u017ee je mo\u017en\u00e1 takov\u00e1 krutost a poru\u0161ov\u00e1n\u00ed v\u0161ech lidsk\u00fdch pr\u00e1v, a p\u0159itom se to d\u011bje p\u0159\u00edmo vedle n\u00e1s. Je jen \u0161t\u011bst\u00ed, \u017ee jsme to nebyli my, mohl to b\u00fdt kdokoli. Ukrajinci p\u0159i\u0161li v m\u017eiku o v\u0161echen sv\u016fj \u017eivotn\u00ed majetek, o v\u0161echny \u00faspory, o sv\u00e9 domovy a mohl to b\u00fdt kdokoli z n\u00e1s. Proto ka\u017ed\u00fd den pom\u00e1h\u00e1me, jak jen m\u016f\u017eeme. Je to tak t\u011b\u017ek\u00e9, ale je\u0161t\u011b t\u011b\u017e\u0161\u00ed je to pro uprchl\u00edky. Lid\u00e9 je\u0161t\u011b nejsou po pandemii psychicky p\u0159ipraveni a mus\u00ed si proj\u00edt dal\u0161\u00edm traumatem. Zm\u011bnilo se to, \u017ee lid\u00e9 v Polsku jsou jednotn\u011bj\u0161\u00ed ne\u017e kdy jindy.\u201d<\/p>","protected":false},"excerpt":{"rendered":"<p>5. dubna 2022 Vedle v\u00e1lky na Ukrajin\u011b jsme m\u011bli mo\u017enost vid\u011bt i sv\u011btlej\u0161\u00ed str\u00e1nku lidskosti - lidi z r\u016fzn\u00fdch prost\u0159ed\u00ed, kte\u0159\u00ed se spojili, aby pomohli t\u011bm, kte\u0159\u00ed to pot\u0159ebuj\u00ed. ASSIST p\u016fsob\u00ed v Polsku od roku 2011 a mnoho \u010dlen\u016f na\u0161\u00ed komunity ASSIST je v p\u0159edn\u00edch lini\u00edch humanit\u00e1rn\u00ed pomoci....<\/p>","protected":false},"author":8,"featured_media":57386,"comment_status":"closed","ping_status":"open","sticky":false,"template":"","format":"standard","meta":{"_acf_changed":false,"inline_featured_image":false,"_monsterinsights_skip_tracking":false,"_monsterinsights_sitenote_active":false,"_monsterinsights_sitenote_note":"","_monsterinsights_sitenote_category":0,"footnotes":""},"categories":[135],"tags":[],"class_list":["post-57301","post","type-post","status-publish","format-standard","has-post-thumbnail","hentry","category-blog"],"acf":[],"yoast_head":"<!-- This site is optimized with the Yoast SEO plugin v27.4 - https:\/\/yoast.com\/product\/yoast-seo-wordpress\/ -->\n<title>Stories from Poland during the War in Ukraine | ASSIST Scholars<\/title>\n<meta name=\"description\" content=\"Check our latest blog article: Stories from Poland during the War in Ukraine - at ASSIST Scholars\" \/>\n<meta name=\"robots\" content=\"index, follow, max-snippet:-1, max-image-preview:large, max-video-preview:-1\" \/>\n<link rel=\"canonical\" href=\"https:\/\/www.assistscholars.org\/cs\/pribehy-z-polska-behem-valky-na-ukrajine\/\" \/>\n<meta property=\"og:locale\" content=\"cs_CZ\" \/>\n<meta property=\"og:type\" content=\"article\" \/>\n<meta property=\"og:title\" content=\"Stories from Poland during the War in Ukraine | ASSIST Scholars\" \/>\n<meta property=\"og:description\" content=\"Check our latest blog article: Stories from Poland during the War in Ukraine - at ASSIST Scholars\" \/>\n<meta property=\"og:url\" content=\"https:\/\/www.assistscholars.org\/cs\/pribehy-z-polska-behem-valky-na-ukrajine\/\" \/>\n<meta property=\"og:site_name\" content=\"ASSIST Scholars\" \/>\n<meta property=\"article:publisher\" content=\"https:\/\/www.facebook.com\/ASSISTscholars\" \/>\n<meta property=\"article:published_time\" content=\"2022-04-05T16:08:00+00:00\" \/>\n<meta property=\"article:modified_time\" content=\"2024-11-22T17:16:07+00:00\" \/>\n<meta property=\"og:image\" content=\"https:\/\/www.assistscholars.org\/wp-content\/uploads\/2022\/04\/Stories-from-Poland-during-the-War-in-Ukraine-Updated.png\" \/>\n\t<meta property=\"og:image:width\" content=\"1334\" \/>\n\t<meta property=\"og:image:height\" content=\"889\" \/>\n\t<meta property=\"og:image:type\" content=\"image\/png\" \/>\n<meta name=\"author\" content=\"Spencer O&#039;Brien\" \/>\n<meta name=\"twitter:card\" content=\"summary_large_image\" \/>\n<meta name=\"twitter:label1\" content=\"Napsal(a)\" \/>\n\t<meta name=\"twitter:data1\" content=\"Spencer O&#039;Brien\" \/>\n\t<meta name=\"twitter:label2\" content=\"Odhadovan\u00e1 doba \u010dten\u00ed\" \/>\n\t<meta name=\"twitter:data2\" content=\"6 minut\" \/>\n<script type=\"application\/ld+json\" class=\"yoast-schema-graph\">{\"@context\":\"https:\\\/\\\/schema.org\",\"@graph\":[{\"@type\":\"Article\",\"@id\":\"https:\\\/\\\/www.assistscholars.org\\\/stories-from-poland-during-the-war-in-ukraine\\\/#article\",\"isPartOf\":{\"@id\":\"https:\\\/\\\/www.assistscholars.org\\\/stories-from-poland-during-the-war-in-ukraine\\\/\"},\"author\":{\"name\":\"Spencer O'Brien\",\"@id\":\"https:\\\/\\\/www.assistscholars.org\\\/#\\\/schema\\\/person\\\/ef26879f6747c00a9d5069b3163b8105\"},\"headline\":\"Stories from Poland during the War in Ukraine\",\"datePublished\":\"2022-04-05T16:08:00+00:00\",\"dateModified\":\"2024-11-22T17:16:07+00:00\",\"mainEntityOfPage\":{\"@id\":\"https:\\\/\\\/www.assistscholars.org\\\/stories-from-poland-during-the-war-in-ukraine\\\/\"},\"wordCount\":1176,\"publisher\":{\"@id\":\"https:\\\/\\\/www.assistscholars.org\\\/#organization\"},\"image\":{\"@id\":\"https:\\\/\\\/www.assistscholars.org\\\/stories-from-poland-during-the-war-in-ukraine\\\/#primaryimage\"},\"thumbnailUrl\":\"https:\\\/\\\/www.assistscholars.org\\\/wp-content\\\/uploads\\\/2022\\\/04\\\/Stories-from-Poland-during-the-War-in-Ukraine-Updated.png\",\"articleSection\":[\"Blog Post\"],\"inLanguage\":\"cs\"},{\"@type\":\"WebPage\",\"@id\":\"https:\\\/\\\/www.assistscholars.org\\\/stories-from-poland-during-the-war-in-ukraine\\\/\",\"url\":\"https:\\\/\\\/www.assistscholars.org\\\/stories-from-poland-during-the-war-in-ukraine\\\/\",\"name\":\"Stories from Poland during the War in Ukraine | ASSIST Scholars\",\"isPartOf\":{\"@id\":\"https:\\\/\\\/www.assistscholars.org\\\/#website\"},\"primaryImageOfPage\":{\"@id\":\"https:\\\/\\\/www.assistscholars.org\\\/stories-from-poland-during-the-war-in-ukraine\\\/#primaryimage\"},\"image\":{\"@id\":\"https:\\\/\\\/www.assistscholars.org\\\/stories-from-poland-during-the-war-in-ukraine\\\/#primaryimage\"},\"thumbnailUrl\":\"https:\\\/\\\/www.assistscholars.org\\\/wp-content\\\/uploads\\\/2022\\\/04\\\/Stories-from-Poland-during-the-War-in-Ukraine-Updated.png\",\"datePublished\":\"2022-04-05T16:08:00+00:00\",\"dateModified\":\"2024-11-22T17:16:07+00:00\",\"description\":\"Check our latest blog article: Stories from Poland during the War in Ukraine - at ASSIST Scholars\",\"breadcrumb\":{\"@id\":\"https:\\\/\\\/www.assistscholars.org\\\/stories-from-poland-during-the-war-in-ukraine\\\/#breadcrumb\"},\"inLanguage\":\"cs\",\"potentialAction\":[{\"@type\":\"ReadAction\",\"target\":[\"https:\\\/\\\/www.assistscholars.org\\\/stories-from-poland-during-the-war-in-ukraine\\\/\"]}]},{\"@type\":\"ImageObject\",\"inLanguage\":\"cs\",\"@id\":\"https:\\\/\\\/www.assistscholars.org\\\/stories-from-poland-during-the-war-in-ukraine\\\/#primaryimage\",\"url\":\"https:\\\/\\\/www.assistscholars.org\\\/wp-content\\\/uploads\\\/2022\\\/04\\\/Stories-from-Poland-during-the-War-in-Ukraine-Updated.png\",\"contentUrl\":\"https:\\\/\\\/www.assistscholars.org\\\/wp-content\\\/uploads\\\/2022\\\/04\\\/Stories-from-Poland-during-the-War-in-Ukraine-Updated.png\",\"width\":1334,\"height\":889,\"caption\":\"Stories from Poland during the Ukraine War\"},{\"@type\":\"BreadcrumbList\",\"@id\":\"https:\\\/\\\/www.assistscholars.org\\\/stories-from-poland-during-the-war-in-ukraine\\\/#breadcrumb\",\"itemListElement\":[{\"@type\":\"ListItem\",\"position\":1,\"name\":\"Home\",\"item\":\"https:\\\/\\\/www.assistscholars.org\\\/\"},{\"@type\":\"ListItem\",\"position\":2,\"name\":\"Stories from Poland during the War in Ukraine\"}]},{\"@type\":\"WebSite\",\"@id\":\"https:\\\/\\\/www.assistscholars.org\\\/#website\",\"url\":\"https:\\\/\\\/www.assistscholars.org\\\/\",\"name\":\"ASSIST Scholars\",\"description\":\"Connecting America&#039;s finest schools with the world&#039;s leading scholars\",\"publisher\":{\"@id\":\"https:\\\/\\\/www.assistscholars.org\\\/#organization\"},\"alternateName\":\"Connecting America's finest schools with the world's leading scholars\",\"potentialAction\":[{\"@type\":\"SearchAction\",\"target\":{\"@type\":\"EntryPoint\",\"urlTemplate\":\"https:\\\/\\\/www.assistscholars.org\\\/?s={search_term_string}\"},\"query-input\":{\"@type\":\"PropertyValueSpecification\",\"valueRequired\":true,\"valueName\":\"search_term_string\"}}],\"inLanguage\":\"cs\"},{\"@type\":\"Organization\",\"@id\":\"https:\\\/\\\/www.assistscholars.org\\\/#organization\",\"name\":\"ASSIST Scholars\",\"alternateName\":\"Connecting exceptional international students with leading private high schools in North America\",\"url\":\"https:\\\/\\\/www.assistscholars.org\\\/\",\"logo\":{\"@type\":\"ImageObject\",\"inLanguage\":\"cs\",\"@id\":\"https:\\\/\\\/www.assistscholars.org\\\/#\\\/schema\\\/logo\\\/image\\\/\",\"url\":\"https:\\\/\\\/www.assistscholars.org\\\/wp-content\\\/uploads\\\/2025\\\/09\\\/logo-stacked.svg\",\"contentUrl\":\"https:\\\/\\\/www.assistscholars.org\\\/wp-content\\\/uploads\\\/2025\\\/09\\\/logo-stacked.svg\",\"width\":768,\"height\":768,\"caption\":\"ASSIST Scholars\"},\"image\":{\"@id\":\"https:\\\/\\\/www.assistscholars.org\\\/#\\\/schema\\\/logo\\\/image\\\/\"},\"sameAs\":[\"https:\\\/\\\/www.facebook.com\\\/ASSISTscholars\",\"https:\\\/\\\/www.instagram.com\\\/assistscholars\"]},{\"@type\":\"Person\",\"@id\":\"https:\\\/\\\/www.assistscholars.org\\\/#\\\/schema\\\/person\\\/ef26879f6747c00a9d5069b3163b8105\",\"name\":\"Spencer O'Brien\",\"image\":{\"@type\":\"ImageObject\",\"inLanguage\":\"cs\",\"@id\":\"https:\\\/\\\/secure.gravatar.com\\\/avatar\\\/0959bf01d963fd622501b4d0b12d6036f62678b1ef4a6192af6fe07b4855989a?s=96&d=mm&r=g\",\"url\":\"https:\\\/\\\/secure.gravatar.com\\\/avatar\\\/0959bf01d963fd622501b4d0b12d6036f62678b1ef4a6192af6fe07b4855989a?s=96&d=mm&r=g\",\"contentUrl\":\"https:\\\/\\\/secure.gravatar.com\\\/avatar\\\/0959bf01d963fd622501b4d0b12d6036f62678b1ef4a6192af6fe07b4855989a?s=96&d=mm&r=g\",\"caption\":\"Spencer O'Brien\"},\"url\":\"https:\\\/\\\/www.assistscholars.org\\\/cs\\\/author\\\/spencer\\\/\"}]}<\/script>\n<!-- \/ Yoast SEO plugin. -->","yoast_head_json":{"title":"P\u0159\u00edb\u011bhy z Polska b\u011bhem v\u00e1lky na Ukrajin\u011b | ASSIST Scholars","description":"Pod\u00edvejte se na n\u00e1\u0161 nejnov\u011bj\u0161\u00ed \u010dl\u00e1nek na blogu: P\u0159\u00edb\u011bhy z Polska b\u011bhem v\u00e1lky na Ukrajin\u011b - na ASSIST Scholars","robots":{"index":"index","follow":"follow","max-snippet":"max-snippet:-1","max-image-preview":"max-image-preview:large","max-video-preview":"max-video-preview:-1"},"canonical":"https:\/\/www.assistscholars.org\/cs\/pribehy-z-polska-behem-valky-na-ukrajine\/","og_locale":"cs_CZ","og_type":"article","og_title":"Stories from Poland during the War in Ukraine | ASSIST Scholars","og_description":"Check our latest blog article: Stories from Poland during the War in Ukraine - at ASSIST Scholars","og_url":"https:\/\/www.assistscholars.org\/cs\/pribehy-z-polska-behem-valky-na-ukrajine\/","og_site_name":"ASSIST Scholars","article_publisher":"https:\/\/www.facebook.com\/ASSISTscholars","article_published_time":"2022-04-05T16:08:00+00:00","article_modified_time":"2024-11-22T17:16:07+00:00","og_image":[{"width":1334,"height":889,"url":"https:\/\/www.assistscholars.org\/wp-content\/uploads\/2022\/04\/Stories-from-Poland-during-the-War-in-Ukraine-Updated.png","type":"image\/png"}],"author":"Spencer O'Brien","twitter_card":"summary_large_image","twitter_misc":{"Napsal(a)":"Spencer O'Brien","Odhadovan\u00e1 doba \u010dten\u00ed":"6 minut"},"schema":{"@context":"https:\/\/schema.org","@graph":[{"@type":"Article","@id":"https:\/\/www.assistscholars.org\/stories-from-poland-during-the-war-in-ukraine\/#article","isPartOf":{"@id":"https:\/\/www.assistscholars.org\/stories-from-poland-during-the-war-in-ukraine\/"},"author":{"name":"Spencer O'Brien","@id":"https:\/\/www.assistscholars.org\/#\/schema\/person\/ef26879f6747c00a9d5069b3163b8105"},"headline":"Stories from Poland during the War in Ukraine","datePublished":"2022-04-05T16:08:00+00:00","dateModified":"2024-11-22T17:16:07+00:00","mainEntityOfPage":{"@id":"https:\/\/www.assistscholars.org\/stories-from-poland-during-the-war-in-ukraine\/"},"wordCount":1176,"publisher":{"@id":"https:\/\/www.assistscholars.org\/#organization"},"image":{"@id":"https:\/\/www.assistscholars.org\/stories-from-poland-during-the-war-in-ukraine\/#primaryimage"},"thumbnailUrl":"https:\/\/www.assistscholars.org\/wp-content\/uploads\/2022\/04\/Stories-from-Poland-during-the-War-in-Ukraine-Updated.png","articleSection":["Blog Post"],"inLanguage":"cs"},{"@type":"WebPage","@id":"https:\/\/www.assistscholars.org\/stories-from-poland-during-the-war-in-ukraine\/","url":"https:\/\/www.assistscholars.org\/stories-from-poland-during-the-war-in-ukraine\/","name":"P\u0159\u00edb\u011bhy z Polska b\u011bhem v\u00e1lky na Ukrajin\u011b | ASSIST Scholars","isPartOf":{"@id":"https:\/\/www.assistscholars.org\/#website"},"primaryImageOfPage":{"@id":"https:\/\/www.assistscholars.org\/stories-from-poland-during-the-war-in-ukraine\/#primaryimage"},"image":{"@id":"https:\/\/www.assistscholars.org\/stories-from-poland-during-the-war-in-ukraine\/#primaryimage"},"thumbnailUrl":"https:\/\/www.assistscholars.org\/wp-content\/uploads\/2022\/04\/Stories-from-Poland-during-the-War-in-Ukraine-Updated.png","datePublished":"2022-04-05T16:08:00+00:00","dateModified":"2024-11-22T17:16:07+00:00","description":"Pod\u00edvejte se na n\u00e1\u0161 nejnov\u011bj\u0161\u00ed \u010dl\u00e1nek na blogu: P\u0159\u00edb\u011bhy z Polska b\u011bhem v\u00e1lky na Ukrajin\u011b - na ASSIST Scholars","breadcrumb":{"@id":"https:\/\/www.assistscholars.org\/stories-from-poland-during-the-war-in-ukraine\/#breadcrumb"},"inLanguage":"cs","potentialAction":[{"@type":"ReadAction","target":["https:\/\/www.assistscholars.org\/stories-from-poland-during-the-war-in-ukraine\/"]}]},{"@type":"ImageObject","inLanguage":"cs","@id":"https:\/\/www.assistscholars.org\/stories-from-poland-during-the-war-in-ukraine\/#primaryimage","url":"https:\/\/www.assistscholars.org\/wp-content\/uploads\/2022\/04\/Stories-from-Poland-during-the-War-in-Ukraine-Updated.png","contentUrl":"https:\/\/www.assistscholars.org\/wp-content\/uploads\/2022\/04\/Stories-from-Poland-during-the-War-in-Ukraine-Updated.png","width":1334,"height":889,"caption":"Stories from Poland during the Ukraine War"},{"@type":"BreadcrumbList","@id":"https:\/\/www.assistscholars.org\/stories-from-poland-during-the-war-in-ukraine\/#breadcrumb","itemListElement":[{"@type":"ListItem","position":1,"name":"Home","item":"https:\/\/www.assistscholars.org\/"},{"@type":"ListItem","position":2,"name":"Stories from Poland during the War in Ukraine"}]},{"@type":"WebSite","@id":"https:\/\/www.assistscholars.org\/#website","url":"https:\/\/www.assistscholars.org\/","name":"Stipendist\u00e9 ASSIST","description":"Spojen\u00ed nejlep\u0161\u00edch americk\u00fdch \u0161kol s p\u0159edn\u00edmi sv\u011btov\u00fdmi v\u011bdci","publisher":{"@id":"https:\/\/www.assistscholars.org\/#organization"},"alternateName":"Connecting America's finest schools with the world's leading scholars","potentialAction":[{"@type":"SearchAction","target":{"@type":"EntryPoint","urlTemplate":"https:\/\/www.assistscholars.org\/?s={search_term_string}"},"query-input":{"@type":"PropertyValueSpecification","valueRequired":true,"valueName":"search_term_string"}}],"inLanguage":"cs"},{"@type":"Organization","@id":"https:\/\/www.assistscholars.org\/#organization","name":"Stipendist\u00e9 ASSIST","alternateName":"Connecting exceptional international students with leading private high schools in North America","url":"https:\/\/www.assistscholars.org\/","logo":{"@type":"ImageObject","inLanguage":"cs","@id":"https:\/\/www.assistscholars.org\/#\/schema\/logo\/image\/","url":"https:\/\/www.assistscholars.org\/wp-content\/uploads\/2025\/09\/logo-stacked.svg","contentUrl":"https:\/\/www.assistscholars.org\/wp-content\/uploads\/2025\/09\/logo-stacked.svg","width":768,"height":768,"caption":"ASSIST Scholars"},"image":{"@id":"https:\/\/www.assistscholars.org\/#\/schema\/logo\/image\/"},"sameAs":["https:\/\/www.facebook.com\/ASSISTscholars","https:\/\/www.instagram.com\/assistscholars"]},{"@type":"Person","@id":"https:\/\/www.assistscholars.org\/#\/schema\/person\/ef26879f6747c00a9d5069b3163b8105","name":"Spencer O'Brien","image":{"@type":"ImageObject","inLanguage":"cs","@id":"https:\/\/secure.gravatar.com\/avatar\/0959bf01d963fd622501b4d0b12d6036f62678b1ef4a6192af6fe07b4855989a?s=96&d=mm&r=g","url":"https:\/\/secure.gravatar.com\/avatar\/0959bf01d963fd622501b4d0b12d6036f62678b1ef4a6192af6fe07b4855989a?s=96&d=mm&r=g","contentUrl":"https:\/\/secure.gravatar.com\/avatar\/0959bf01d963fd622501b4d0b12d6036f62678b1ef4a6192af6fe07b4855989a?s=96&d=mm&r=g","caption":"Spencer O'Brien"},"url":"https:\/\/www.assistscholars.org\/cs\/author\/spencer\/"}]}},"_links":{"self":[{"href":"https:\/\/www.assistscholars.org\/cs\/wp-json\/wp\/v2\/posts\/57301","targetHints":{"allow":["GET"]}}],"collection":[{"href":"https:\/\/www.assistscholars.org\/cs\/wp-json\/wp\/v2\/posts"}],"about":[{"href":"https:\/\/www.assistscholars.org\/cs\/wp-json\/wp\/v2\/types\/post"}],"author":[{"embeddable":true,"href":"https:\/\/www.assistscholars.org\/cs\/wp-json\/wp\/v2\/users\/8"}],"replies":[{"embeddable":true,"href":"https:\/\/www.assistscholars.org\/cs\/wp-json\/wp\/v2\/comments?post=57301"}],"version-history":[{"count":0,"href":"https:\/\/www.assistscholars.org\/cs\/wp-json\/wp\/v2\/posts\/57301\/revisions"}],"wp:featuredmedia":[{"embeddable":true,"href":"https:\/\/www.assistscholars.org\/cs\/wp-json\/wp\/v2\/media\/57386"}],"wp:attachment":[{"href":"https:\/\/www.assistscholars.org\/cs\/wp-json\/wp\/v2\/media?parent=57301"}],"wp:term":[{"taxonomy":"category","embeddable":true,"href":"https:\/\/www.assistscholars.org\/cs\/wp-json\/wp\/v2\/categories?post=57301"},{"taxonomy":"post_tag","embeddable":true,"href":"https:\/\/www.assistscholars.org\/cs\/wp-json\/wp\/v2\/tags?post=57301"}],"curies":[{"name":"wp","href":"https:\/\/api.w.org\/{rel}","templated":true}]}}