{"id":57548,"date":"2025-05-21T17:44:10","date_gmt":"2025-05-21T21:44:10","guid":{"rendered":"https:\/\/www.assistscholars.org\/?p=57548"},"modified":"2025-09-12T12:54:03","modified_gmt":"2025-09-12T16:54:03","slug":"rozsireni-obzoru-privitani-studentu-z-kolumbie-a-jizni-afriky-v-asistencni-komunite","status":"publish","type":"post","link":"https:\/\/www.assistscholars.org\/cs\/expanding-horizons-welcoming-students-from-colombia-and-south-africa-to-the-assist-community\/","title":{"rendered":"Roz\u0161i\u0159ov\u00e1n\u00ed obzor\u016f: P\u0159iv\u00edt\u00e1n\u00ed student\u016f z Kolumbie a Jihoafrick\u00e9 republiky v komunit\u011b ASSIST"},"content":{"rendered":"<p>Jsme r\u00e1di, \u017ee se m\u016f\u017eeme pod\u011blit o vzru\u0161uj\u00edc\u00ed novinky t\u00fdkaj\u00edc\u00ed se r\u016fstu programu ASSIST Scholars! Letos jsme roz\u0161\u00ed\u0159ili n\u00e1\u0161 z\u00e1b\u011br a p\u0159iv\u00edtali jsme vynikaj\u00edc\u00ed studenty ze dvou nov\u00fdch dynamick\u00fdch trh\u016f: <strong>Kolumbie<\/strong> a <strong>Jihoafrick\u00e1 republika<\/strong>. Je to v\u00fdznamn\u00fd krok v na\u0161em trval\u00e9m z\u00e1vazku p\u0159iv\u00e1d\u011bt talentovan\u00e9 mlad\u00e9 lidi z cel\u00e9ho sv\u011bta do na\u0161ich partnersk\u00fdch \u0161kol ve Spojen\u00fdch st\u00e1tech.<br><\/p>\n\n\n\n<p>ASSIST ji\u017e mnoho let udr\u017euje siln\u00e9 vztahy se \u0161kolami p\u0159edev\u0161\u00edm v Evrop\u011b a propojuje v\u00fdjime\u010dn\u00e9 studenty s p\u0159\u00edle\u017eitostmi ke vzd\u011bl\u00e1v\u00e1n\u00ed, kter\u00e9 je m\u011bn\u00ed. Letos jsme r\u00e1di, \u017ee m\u016f\u017eeme roz\u0161\u00ed\u0159it na\u0161i p\u016fsobnost a vyu\u017e\u00edt bohat\u00fd akademick\u00fd potenci\u00e1l Latinsk\u00e9 Ameriky a ji\u017en\u00ed Afriky.<\/p>\n\n\n\n<h2 class=\"wp-block-heading\"><strong>Slibn\u00fd za\u010d\u00e1tek v Kolumbii<\/strong><\/h2>\n\n\n<div class=\"wp-block-image\">\n<figure class=\"alignleft size-full is-resized\"><img loading=\"lazy\" decoding=\"async\" width=\"500\" height=\"600\" src=\"https:\/\/www.assistscholars.org\/wp-content\/uploads\/2025\/05\/Untitled-design-1.jpg\" alt=\"Mapa a vlajka Kolumbie\" class=\"wp-image-57550\" style=\"width:321px;height:auto\" srcset=\"https:\/\/www.assistscholars.org\/wp-content\/uploads\/2025\/05\/Untitled-design-1.jpg 500w, https:\/\/www.assistscholars.org\/wp-content\/uploads\/2025\/05\/Untitled-design-1-250x300.jpg 250w\" sizes=\"auto, (max-width: 500px) 100vw, 500px\" \/><\/figure>\n<\/div>\n\n\n<p>N\u00e1\u0161 vstup do Kolumbie byl obzvl\u00e1\u0161t\u011b povzbudiv\u00fd d\u00edky neoceniteln\u00e9 podpo\u0159e sou\u010dasn\u00e9 \u010dlenky spr\u00e1vn\u00ed rady ASSIST Adriany Le\u00f3n. Jej\u00ed spojen\u00ed s <a href=\"https:\/\/glm.edu.co\/\"><strong>Gimnasio La Monta\u00f1a<\/strong><\/a>, p\u0159edn\u00ed soukrom\u00e1 \u0161kola v Bogot\u011b, p\u0159ipravila p\u016fdu pro plodn\u00e9 partnerstv\u00ed. Pot\u011b\u0161ilo n\u00e1s, kdy\u017e o n\u00e1\u0161 prvn\u00ed ro\u010dn\u00edk projevilo z\u00e1jem mnoho talentovan\u00fdch student\u016f. Z t\u00e9to p\u016fsobiv\u00e9 skupiny jsme vybrali v\u00fdjime\u010dnou kohortu \u010dty\u0159 stipendist\u016f, kte\u0159\u00ed budou bezpochyby dob\u0159e reprezentovat Kolumbii a ASSIST jako na\u0161e prvn\u00ed skupina.<\/p>\n\n\n\n<p>P\u0159i pohledu do budoucna je na\u0161e nad\u0161en\u00ed z Kolumbie patrn\u00e9. Martin Milne, prezident ASSIST, a Christine D'Angelo, \u0159editelka pro n\u00e1bor zahrani\u010dn\u00edch student\u016f, tam v \u010dervnu odcestuj\u00ed, aby pos\u00edlili na\u0161e partnerstv\u00ed s Gimnasio La Monta\u00f1a a prozkoumali mo\u017enosti s dal\u0161\u00edmi partnery. P\u0159id\u00e1n\u00ed Kolumbie jako partnersk\u00e9 zem\u011b prohlubuje na\u0161i snahu p\u0159iv\u00e9st studenty z nov\u00fdch oblast\u00ed z cel\u00e9ho sv\u011bta, aby obohatili komunity na\u0161ich \u010dlensk\u00fdch \u0161kol.<\/p>\n\n\n\n<h2 class=\"wp-block-heading\"><strong>Budov\u00e1n\u00ed nadace v ji\u017en\u00ed Africe<\/strong><\/h2>\n\n\n<div class=\"wp-block-image\">\n<figure class=\"alignright size-full is-resized\"><img loading=\"lazy\" decoding=\"async\" width=\"500\" height=\"600\" src=\"https:\/\/www.assistscholars.org\/wp-content\/uploads\/2025\/05\/Southern-Africa.jpg\" alt=\"Ji\u017en\u00ed Afrika - mapy a vlajky. Modr\u00e9 pozad\u00ed. \" class=\"wp-image-57551\" style=\"width:324px;height:auto\" srcset=\"https:\/\/www.assistscholars.org\/wp-content\/uploads\/2025\/05\/Southern-Africa.jpg 500w, https:\/\/www.assistscholars.org\/wp-content\/uploads\/2025\/05\/Southern-Africa-250x300.jpg 250w\" sizes=\"auto, (max-width: 500px) 100vw, 500px\" \/><\/figure>\n<\/div>\n\n\n<p>Jsme tak\u00e9 r\u00e1di, \u017ee m\u016f\u017eeme p\u0159iv\u00edtat <strong>Nomvuyo Lerato Mzamane<\/strong> do t\u00fdmu ASSIST jako nov\u00fd koordin\u00e1tor programu v Jihoafrick\u00e9 republice. P\u0159esto\u017ee se k n\u00e1m Nomvuyo p\u0159ipojila a\u017e v pozd\u011bj\u0161\u00ed f\u00e1zi n\u00e1borov\u00e9ho cyklu, ji\u017e prok\u00e1zala sv\u00e9 hlubok\u00e9 zku\u0161enosti v oblasti vzd\u011bl\u00e1v\u00e1n\u00ed, rozs\u00e1hlou s\u00ed\u0165 kontakt\u016f, nad\u0161en\u00ed pro ASSIST a hlubok\u00e9 znalosti americk\u00fdch nez\u00e1visl\u00fdch \u0161kol.<\/p>\n\n\n\n<p>Pan\u00ed Mzamane m\u00e1 ve spole\u010dnosti ASSIST zku\u0161enosti jako odbornice na zakl\u00e1d\u00e1n\u00ed \u0161kol a multimedi\u00e1ln\u00ed vzd\u011bl\u00e1v\u00e1n\u00ed, jej\u00ed kari\u00e9ra trv\u00e1 ji\u017e v\u00edce ne\u017e t\u0159i desetilet\u00ed na \u010dty\u0159ech kontinentech. Je oce\u0148ovanou pedago\u017ekou p\u016fsob\u00edc\u00ed v Jihoafrick\u00e9 republice, pracuje v \u0159ad\u011b neziskov\u00fdch organizac\u00ed a mezi jej\u00ed spole\u010densk\u00e9 z\u00e1jmy pat\u0159\u00ed africk\u00e1 literatura\/jazyky a kulturn\u00ed aktivismus, ochrana d\u011bt\u00ed, pr\u00e1va d\u00edvek, podnik\u00e1n\u00ed v oblasti vzd\u011bl\u00e1v\u00e1n\u00ed a soci\u00e1ln\u00ed spravedlnost. Byla \u0159editelkou \u0161koly v n\u011bkolika zem\u00edch, jej\u00ed vlastn\u00ed rodinn\u00ed p\u0159\u00edslu\u0161n\u00edci nav\u0161t\u011bvovali n\u011bkter\u00e9 ze \u0161kol ASSIST a hostila ASSIST Scholars.<\/p>\n\n\n\n<p>P\u0159esto\u017ee ji\u017en\u00ed Afrika zahrnuje 16 zem\u00ed, jsme nad\u0161eni, \u017ee se m\u016f\u017eeme zam\u011b\u0159it na Jihoafrickou republiku a p\u0159iv\u00e9st tyto stipendisty do komunit na\u0161ich \u010dlensk\u00fdch \u0161kol na podzim tohoto roku i v dal\u0161\u00edch letech.<\/p>\n\n\n\n<p>P\u0159id\u00e1n\u00ed Kolumbie a Jihoafrick\u00e9 republiky do rodiny ASSIST p\u0159edstavuje celkov\u011b novou vzru\u0161uj\u00edc\u00ed kapitolu pro na\u0161i organizaci a partnersk\u00e9 \u0161koly. Dychtiv\u011b o\u010dek\u00e1v\u00e1me jedine\u010dn\u00e9 perspektivy, talenty a kulturn\u00ed bohatstv\u00ed, kter\u00e9 studenti z t\u011bchto region\u016f p\u0159inesou na\u0161\u00ed komunit\u011b. Toto roz\u0161\u00ed\u0159en\u00ed posiluje n\u00e1\u0161 z\u00e1vazek podporovat skute\u010dn\u011b glob\u00e1ln\u00ed s\u00ed\u0165 v\u00fdjime\u010dn\u00fdch student\u016f a posiluje rozmanitou strukturu komunit na\u0161ich \u010dlensk\u00fdch \u0161kol. T\u011b\u0161\u00edme se na dal\u0161\u00ed cestu!<\/p>","protected":false},"excerpt":{"rendered":"<p>Jsme r\u00e1di, \u017ee se m\u016f\u017eeme pod\u011blit o vzru\u0161uj\u00edc\u00ed novinky t\u00fdkaj\u00edc\u00ed se r\u016fstu programu ASSIST Scholars! Letos jsme roz\u0161\u00ed\u0159ili n\u00e1\u0161 z\u00e1b\u011br a p\u0159iv\u00edtali jsme vynikaj\u00edc\u00ed studenty ze dvou nov\u00fdch dynamick\u00fdch trh\u016f: Kolumbie a Jihoafrick\u00e9 republiky. Znamen\u00e1 to v\u00fdznamn\u00fd krok v na\u0161em trval\u00e9m z\u00e1vazku p\u0159iv\u00e1d\u011bt talentovan\u00e9 mlad\u00e9 lidi z cel\u00e9ho sv\u011bta do na\u0161eho...<\/p>","protected":false},"author":1,"featured_media":57549,"comment_status":"closed","ping_status":"open","sticky":false,"template":"","format":"standard","meta":{"_acf_changed":false,"inline_featured_image":false,"_monsterinsights_skip_tracking":false,"_monsterinsights_sitenote_active":false,"_monsterinsights_sitenote_note":"","_monsterinsights_sitenote_category":0,"footnotes":""},"categories":[1],"tags":[],"class_list":["post-57548","post","type-post","status-publish","format-standard","has-post-thumbnail","hentry","category-uncategorized"],"acf":[],"yoast_head":"<!-- This site is optimized with the Yoast SEO plugin v27.4 - https:\/\/yoast.com\/product\/yoast-seo-wordpress\/ -->\n<title>Expanding Horizons: Welcoming Students from Colombia and South Africa to the ASSIST Community | ASSIST Scholars<\/title>\n<meta name=\"description\" content=\"Check our latest blog article: Expanding Horizons: Welcoming Students from Colombia and South Africa to the ASSIST Community - at ASSIST Scholars\" \/>\n<meta name=\"robots\" content=\"index, follow, max-snippet:-1, max-image-preview:large, max-video-preview:-1\" \/>\n<link rel=\"canonical\" href=\"https:\/\/www.assistscholars.org\/cs\/rozsireni-obzoru-privitani-studentu-z-kolumbie-a-jizni-afriky-v-asistencni-komunite\/\" \/>\n<meta property=\"og:locale\" content=\"cs_CZ\" \/>\n<meta property=\"og:type\" content=\"article\" \/>\n<meta property=\"og:title\" content=\"Expanding Horizons: Welcoming Students from Colombia and South Africa to the ASSIST Community | ASSIST Scholars\" \/>\n<meta property=\"og:description\" content=\"Check our latest blog article: Expanding Horizons: Welcoming Students from Colombia and South Africa to the ASSIST Community - at ASSIST Scholars\" \/>\n<meta property=\"og:url\" content=\"https:\/\/www.assistscholars.org\/cs\/rozsireni-obzoru-privitani-studentu-z-kolumbie-a-jizni-afriky-v-asistencni-komunite\/\" \/>\n<meta property=\"og:site_name\" content=\"ASSIST Scholars\" \/>\n<meta property=\"article:publisher\" content=\"https:\/\/www.facebook.com\/ASSISTscholars\" \/>\n<meta property=\"article:published_time\" content=\"2025-05-21T21:44:10+00:00\" \/>\n<meta property=\"article:modified_time\" content=\"2025-09-12T16:54:03+00:00\" \/>\n<meta property=\"og:image\" content=\"https:\/\/www.assistscholars.org\/wp-content\/uploads\/2025\/05\/Untitled-design.jpg\" \/>\n\t<meta property=\"og:image:width\" content=\"500\" \/>\n\t<meta property=\"og:image:height\" content=\"600\" \/>\n\t<meta property=\"og:image:type\" content=\"image\/jpeg\" \/>\n<meta name=\"author\" content=\"assistscholars\" \/>\n<meta name=\"twitter:card\" content=\"summary_large_image\" \/>\n<meta name=\"twitter:label1\" content=\"Napsal(a)\" \/>\n\t<meta name=\"twitter:data1\" content=\"assistscholars\" \/>\n\t<meta name=\"twitter:label2\" content=\"Odhadovan\u00e1 doba \u010dten\u00ed\" \/>\n\t<meta name=\"twitter:data2\" content=\"3 minuty\" \/>\n<script type=\"application\/ld+json\" class=\"yoast-schema-graph\">{\"@context\":\"https:\\\/\\\/schema.org\",\"@graph\":[{\"@type\":\"Article\",\"@id\":\"https:\\\/\\\/www.assistscholars.org\\\/expanding-horizons-welcoming-students-from-colombia-and-south-africa-to-the-assist-community\\\/#article\",\"isPartOf\":{\"@id\":\"https:\\\/\\\/www.assistscholars.org\\\/expanding-horizons-welcoming-students-from-colombia-and-south-africa-to-the-assist-community\\\/\"},\"author\":{\"name\":\"assistscholars\",\"@id\":\"https:\\\/\\\/www.assistscholars.org\\\/#\\\/schema\\\/person\\\/66b2f58bd93023d8572ef573f9003dfd\"},\"headline\":\"Expanding Horizons: Welcoming Students from Colombia and South Africa to the ASSIST Community\",\"datePublished\":\"2025-05-21T21:44:10+00:00\",\"dateModified\":\"2025-09-12T16:54:03+00:00\",\"mainEntityOfPage\":{\"@id\":\"https:\\\/\\\/www.assistscholars.org\\\/expanding-horizons-welcoming-students-from-colombia-and-south-africa-to-the-assist-community\\\/\"},\"wordCount\":528,\"publisher\":{\"@id\":\"https:\\\/\\\/www.assistscholars.org\\\/#organization\"},\"image\":{\"@id\":\"https:\\\/\\\/www.assistscholars.org\\\/expanding-horizons-welcoming-students-from-colombia-and-south-africa-to-the-assist-community\\\/#primaryimage\"},\"thumbnailUrl\":\"https:\\\/\\\/www.assistscholars.org\\\/wp-content\\\/uploads\\\/2025\\\/05\\\/Untitled-design.jpg\",\"articleSection\":[\"Uncategorized\"],\"inLanguage\":\"cs\"},{\"@type\":\"WebPage\",\"@id\":\"https:\\\/\\\/www.assistscholars.org\\\/expanding-horizons-welcoming-students-from-colombia-and-south-africa-to-the-assist-community\\\/\",\"url\":\"https:\\\/\\\/www.assistscholars.org\\\/expanding-horizons-welcoming-students-from-colombia-and-south-africa-to-the-assist-community\\\/\",\"name\":\"Expanding Horizons: Welcoming Students from Colombia and South Africa to the ASSIST Community | ASSIST Scholars\",\"isPartOf\":{\"@id\":\"https:\\\/\\\/www.assistscholars.org\\\/#website\"},\"primaryImageOfPage\":{\"@id\":\"https:\\\/\\\/www.assistscholars.org\\\/expanding-horizons-welcoming-students-from-colombia-and-south-africa-to-the-assist-community\\\/#primaryimage\"},\"image\":{\"@id\":\"https:\\\/\\\/www.assistscholars.org\\\/expanding-horizons-welcoming-students-from-colombia-and-south-africa-to-the-assist-community\\\/#primaryimage\"},\"thumbnailUrl\":\"https:\\\/\\\/www.assistscholars.org\\\/wp-content\\\/uploads\\\/2025\\\/05\\\/Untitled-design.jpg\",\"datePublished\":\"2025-05-21T21:44:10+00:00\",\"dateModified\":\"2025-09-12T16:54:03+00:00\",\"description\":\"Check our latest blog article: Expanding Horizons: Welcoming Students from Colombia and South Africa to the ASSIST Community - at ASSIST Scholars\",\"breadcrumb\":{\"@id\":\"https:\\\/\\\/www.assistscholars.org\\\/expanding-horizons-welcoming-students-from-colombia-and-south-africa-to-the-assist-community\\\/#breadcrumb\"},\"inLanguage\":\"cs\",\"potentialAction\":[{\"@type\":\"ReadAction\",\"target\":[\"https:\\\/\\\/www.assistscholars.org\\\/expanding-horizons-welcoming-students-from-colombia-and-south-africa-to-the-assist-community\\\/\"]}]},{\"@type\":\"ImageObject\",\"inLanguage\":\"cs\",\"@id\":\"https:\\\/\\\/www.assistscholars.org\\\/expanding-horizons-welcoming-students-from-colombia-and-south-africa-to-the-assist-community\\\/#primaryimage\",\"url\":\"https:\\\/\\\/www.assistscholars.org\\\/wp-content\\\/uploads\\\/2025\\\/05\\\/Untitled-design.jpg\",\"contentUrl\":\"https:\\\/\\\/www.assistscholars.org\\\/wp-content\\\/uploads\\\/2025\\\/05\\\/Untitled-design.jpg\",\"width\":500,\"height\":600,\"caption\":\"Colombia and South Africa - New Markets for ASSIST\"},{\"@type\":\"BreadcrumbList\",\"@id\":\"https:\\\/\\\/www.assistscholars.org\\\/expanding-horizons-welcoming-students-from-colombia-and-south-africa-to-the-assist-community\\\/#breadcrumb\",\"itemListElement\":[{\"@type\":\"ListItem\",\"position\":1,\"name\":\"Home\",\"item\":\"https:\\\/\\\/www.assistscholars.org\\\/\"},{\"@type\":\"ListItem\",\"position\":2,\"name\":\"Expanding Horizons: Welcoming Students from Colombia and South Africa to the ASSIST Community\"}]},{\"@type\":\"WebSite\",\"@id\":\"https:\\\/\\\/www.assistscholars.org\\\/#website\",\"url\":\"https:\\\/\\\/www.assistscholars.org\\\/\",\"name\":\"ASSIST Scholars\",\"description\":\"Connecting America&#039;s finest schools with the world&#039;s leading scholars\",\"publisher\":{\"@id\":\"https:\\\/\\\/www.assistscholars.org\\\/#organization\"},\"alternateName\":\"Connecting America's finest schools with the world's leading scholars\",\"potentialAction\":[{\"@type\":\"SearchAction\",\"target\":{\"@type\":\"EntryPoint\",\"urlTemplate\":\"https:\\\/\\\/www.assistscholars.org\\\/?s={search_term_string}\"},\"query-input\":{\"@type\":\"PropertyValueSpecification\",\"valueRequired\":true,\"valueName\":\"search_term_string\"}}],\"inLanguage\":\"cs\"},{\"@type\":\"Organization\",\"@id\":\"https:\\\/\\\/www.assistscholars.org\\\/#organization\",\"name\":\"ASSIST Scholars\",\"alternateName\":\"Connecting exceptional international students with leading private high schools in North America\",\"url\":\"https:\\\/\\\/www.assistscholars.org\\\/\",\"logo\":{\"@type\":\"ImageObject\",\"inLanguage\":\"cs\",\"@id\":\"https:\\\/\\\/www.assistscholars.org\\\/#\\\/schema\\\/logo\\\/image\\\/\",\"url\":\"https:\\\/\\\/www.assistscholars.org\\\/wp-content\\\/uploads\\\/2025\\\/09\\\/logo-stacked.svg\",\"contentUrl\":\"https:\\\/\\\/www.assistscholars.org\\\/wp-content\\\/uploads\\\/2025\\\/09\\\/logo-stacked.svg\",\"width\":768,\"height\":768,\"caption\":\"ASSIST Scholars\"},\"image\":{\"@id\":\"https:\\\/\\\/www.assistscholars.org\\\/#\\\/schema\\\/logo\\\/image\\\/\"},\"sameAs\":[\"https:\\\/\\\/www.facebook.com\\\/ASSISTscholars\",\"https:\\\/\\\/www.instagram.com\\\/assistscholars\"]},{\"@type\":\"Person\",\"@id\":\"https:\\\/\\\/www.assistscholars.org\\\/#\\\/schema\\\/person\\\/66b2f58bd93023d8572ef573f9003dfd\",\"name\":\"assistscholars\",\"image\":{\"@type\":\"ImageObject\",\"inLanguage\":\"cs\",\"@id\":\"https:\\\/\\\/secure.gravatar.com\\\/avatar\\\/af9395713130827ac47e14ad0f88626b47da78c9ff2714573cb8d58c46678974?s=96&d=mm&r=g\",\"url\":\"https:\\\/\\\/secure.gravatar.com\\\/avatar\\\/af9395713130827ac47e14ad0f88626b47da78c9ff2714573cb8d58c46678974?s=96&d=mm&r=g\",\"contentUrl\":\"https:\\\/\\\/secure.gravatar.com\\\/avatar\\\/af9395713130827ac47e14ad0f88626b47da78c9ff2714573cb8d58c46678974?s=96&d=mm&r=g\",\"caption\":\"assistscholars\"},\"sameAs\":[\"https:\\\/\\\/www.assistscholars.org\"],\"url\":\"https:\\\/\\\/www.assistscholars.org\\\/cs\\\/author\\\/assistscholars\\\/\"}]}<\/script>\n<!-- \/ Yoast SEO plugin. -->","yoast_head_json":{"title":"Roz\u0161i\u0159ov\u00e1n\u00ed obzor\u016f: P\u0159iv\u00edt\u00e1n\u00ed student\u016f z Kolumbie a Jihoafrick\u00e9 republiky v komunit\u011b ASSIST | ASSIST Scholars","description":"Pod\u00edvejte se na n\u00e1\u0161 nejnov\u011bj\u0161\u00ed \u010dl\u00e1nek na blogu: Roz\u0161i\u0159ujeme obzory: V\u00edt\u00e1n\u00ed student\u016f z Kolumbie a Jihoafrick\u00e9 republiky v komunit\u011b ASSIST - na ASSIST Scholars","robots":{"index":"index","follow":"follow","max-snippet":"max-snippet:-1","max-image-preview":"max-image-preview:large","max-video-preview":"max-video-preview:-1"},"canonical":"https:\/\/www.assistscholars.org\/cs\/rozsireni-obzoru-privitani-studentu-z-kolumbie-a-jizni-afriky-v-asistencni-komunite\/","og_locale":"cs_CZ","og_type":"article","og_title":"Expanding Horizons: Welcoming Students from Colombia and South Africa to the ASSIST Community | ASSIST Scholars","og_description":"Check our latest blog article: Expanding Horizons: Welcoming Students from Colombia and South Africa to the ASSIST Community - at ASSIST Scholars","og_url":"https:\/\/www.assistscholars.org\/cs\/rozsireni-obzoru-privitani-studentu-z-kolumbie-a-jizni-afriky-v-asistencni-komunite\/","og_site_name":"ASSIST Scholars","article_publisher":"https:\/\/www.facebook.com\/ASSISTscholars","article_published_time":"2025-05-21T21:44:10+00:00","article_modified_time":"2025-09-12T16:54:03+00:00","og_image":[{"width":500,"height":600,"url":"https:\/\/www.assistscholars.org\/wp-content\/uploads\/2025\/05\/Untitled-design.jpg","type":"image\/jpeg"}],"author":"assistscholars","twitter_card":"summary_large_image","twitter_misc":{"Napsal(a)":"assistscholars","Odhadovan\u00e1 doba \u010dten\u00ed":"3 minuty"},"schema":{"@context":"https:\/\/schema.org","@graph":[{"@type":"Article","@id":"https:\/\/www.assistscholars.org\/expanding-horizons-welcoming-students-from-colombia-and-south-africa-to-the-assist-community\/#article","isPartOf":{"@id":"https:\/\/www.assistscholars.org\/expanding-horizons-welcoming-students-from-colombia-and-south-africa-to-the-assist-community\/"},"author":{"name":"assistscholars","@id":"https:\/\/www.assistscholars.org\/#\/schema\/person\/66b2f58bd93023d8572ef573f9003dfd"},"headline":"Expanding Horizons: Welcoming Students from Colombia and South Africa to the ASSIST Community","datePublished":"2025-05-21T21:44:10+00:00","dateModified":"2025-09-12T16:54:03+00:00","mainEntityOfPage":{"@id":"https:\/\/www.assistscholars.org\/expanding-horizons-welcoming-students-from-colombia-and-south-africa-to-the-assist-community\/"},"wordCount":528,"publisher":{"@id":"https:\/\/www.assistscholars.org\/#organization"},"image":{"@id":"https:\/\/www.assistscholars.org\/expanding-horizons-welcoming-students-from-colombia-and-south-africa-to-the-assist-community\/#primaryimage"},"thumbnailUrl":"https:\/\/www.assistscholars.org\/wp-content\/uploads\/2025\/05\/Untitled-design.jpg","articleSection":["Uncategorized"],"inLanguage":"cs"},{"@type":"WebPage","@id":"https:\/\/www.assistscholars.org\/expanding-horizons-welcoming-students-from-colombia-and-south-africa-to-the-assist-community\/","url":"https:\/\/www.assistscholars.org\/expanding-horizons-welcoming-students-from-colombia-and-south-africa-to-the-assist-community\/","name":"Roz\u0161i\u0159ov\u00e1n\u00ed obzor\u016f: P\u0159iv\u00edt\u00e1n\u00ed student\u016f z Kolumbie a Jihoafrick\u00e9 republiky v komunit\u011b ASSIST | ASSIST Scholars","isPartOf":{"@id":"https:\/\/www.assistscholars.org\/#website"},"primaryImageOfPage":{"@id":"https:\/\/www.assistscholars.org\/expanding-horizons-welcoming-students-from-colombia-and-south-africa-to-the-assist-community\/#primaryimage"},"image":{"@id":"https:\/\/www.assistscholars.org\/expanding-horizons-welcoming-students-from-colombia-and-south-africa-to-the-assist-community\/#primaryimage"},"thumbnailUrl":"https:\/\/www.assistscholars.org\/wp-content\/uploads\/2025\/05\/Untitled-design.jpg","datePublished":"2025-05-21T21:44:10+00:00","dateModified":"2025-09-12T16:54:03+00:00","description":"Pod\u00edvejte se na n\u00e1\u0161 nejnov\u011bj\u0161\u00ed \u010dl\u00e1nek na blogu: Roz\u0161i\u0159ujeme obzory: V\u00edt\u00e1n\u00ed student\u016f z Kolumbie a Jihoafrick\u00e9 republiky v komunit\u011b ASSIST - na ASSIST Scholars","breadcrumb":{"@id":"https:\/\/www.assistscholars.org\/expanding-horizons-welcoming-students-from-colombia-and-south-africa-to-the-assist-community\/#breadcrumb"},"inLanguage":"cs","potentialAction":[{"@type":"ReadAction","target":["https:\/\/www.assistscholars.org\/expanding-horizons-welcoming-students-from-colombia-and-south-africa-to-the-assist-community\/"]}]},{"@type":"ImageObject","inLanguage":"cs","@id":"https:\/\/www.assistscholars.org\/expanding-horizons-welcoming-students-from-colombia-and-south-africa-to-the-assist-community\/#primaryimage","url":"https:\/\/www.assistscholars.org\/wp-content\/uploads\/2025\/05\/Untitled-design.jpg","contentUrl":"https:\/\/www.assistscholars.org\/wp-content\/uploads\/2025\/05\/Untitled-design.jpg","width":500,"height":600,"caption":"Colombia and South Africa - New Markets for ASSIST"},{"@type":"BreadcrumbList","@id":"https:\/\/www.assistscholars.org\/expanding-horizons-welcoming-students-from-colombia-and-south-africa-to-the-assist-community\/#breadcrumb","itemListElement":[{"@type":"ListItem","position":1,"name":"Home","item":"https:\/\/www.assistscholars.org\/"},{"@type":"ListItem","position":2,"name":"Expanding Horizons: Welcoming Students from Colombia and South Africa to the ASSIST Community"}]},{"@type":"WebSite","@id":"https:\/\/www.assistscholars.org\/#website","url":"https:\/\/www.assistscholars.org\/","name":"Stipendist\u00e9 ASSIST","description":"Spojen\u00ed nejlep\u0161\u00edch americk\u00fdch \u0161kol s p\u0159edn\u00edmi sv\u011btov\u00fdmi v\u011bdci","publisher":{"@id":"https:\/\/www.assistscholars.org\/#organization"},"alternateName":"Connecting America's finest schools with the world's leading scholars","potentialAction":[{"@type":"SearchAction","target":{"@type":"EntryPoint","urlTemplate":"https:\/\/www.assistscholars.org\/?s={search_term_string}"},"query-input":{"@type":"PropertyValueSpecification","valueRequired":true,"valueName":"search_term_string"}}],"inLanguage":"cs"},{"@type":"Organization","@id":"https:\/\/www.assistscholars.org\/#organization","name":"Stipendist\u00e9 ASSIST","alternateName":"Connecting exceptional international students with leading private high schools in North America","url":"https:\/\/www.assistscholars.org\/","logo":{"@type":"ImageObject","inLanguage":"cs","@id":"https:\/\/www.assistscholars.org\/#\/schema\/logo\/image\/","url":"https:\/\/www.assistscholars.org\/wp-content\/uploads\/2025\/09\/logo-stacked.svg","contentUrl":"https:\/\/www.assistscholars.org\/wp-content\/uploads\/2025\/09\/logo-stacked.svg","width":768,"height":768,"caption":"ASSIST Scholars"},"image":{"@id":"https:\/\/www.assistscholars.org\/#\/schema\/logo\/image\/"},"sameAs":["https:\/\/www.facebook.com\/ASSISTscholars","https:\/\/www.instagram.com\/assistscholars"]},{"@type":"Person","@id":"https:\/\/www.assistscholars.org\/#\/schema\/person\/66b2f58bd93023d8572ef573f9003dfd","name":"asisten\u010dn\u00ed slu\u017eby","image":{"@type":"ImageObject","inLanguage":"cs","@id":"https:\/\/secure.gravatar.com\/avatar\/af9395713130827ac47e14ad0f88626b47da78c9ff2714573cb8d58c46678974?s=96&d=mm&r=g","url":"https:\/\/secure.gravatar.com\/avatar\/af9395713130827ac47e14ad0f88626b47da78c9ff2714573cb8d58c46678974?s=96&d=mm&r=g","contentUrl":"https:\/\/secure.gravatar.com\/avatar\/af9395713130827ac47e14ad0f88626b47da78c9ff2714573cb8d58c46678974?s=96&d=mm&r=g","caption":"assistscholars"},"sameAs":["https:\/\/www.assistscholars.org"],"url":"https:\/\/www.assistscholars.org\/cs\/author\/assistscholars\/"}]}},"_links":{"self":[{"href":"https:\/\/www.assistscholars.org\/cs\/wp-json\/wp\/v2\/posts\/57548","targetHints":{"allow":["GET"]}}],"collection":[{"href":"https:\/\/www.assistscholars.org\/cs\/wp-json\/wp\/v2\/posts"}],"about":[{"href":"https:\/\/www.assistscholars.org\/cs\/wp-json\/wp\/v2\/types\/post"}],"author":[{"embeddable":true,"href":"https:\/\/www.assistscholars.org\/cs\/wp-json\/wp\/v2\/users\/1"}],"replies":[{"embeddable":true,"href":"https:\/\/www.assistscholars.org\/cs\/wp-json\/wp\/v2\/comments?post=57548"}],"version-history":[{"count":0,"href":"https:\/\/www.assistscholars.org\/cs\/wp-json\/wp\/v2\/posts\/57548\/revisions"}],"wp:featuredmedia":[{"embeddable":true,"href":"https:\/\/www.assistscholars.org\/cs\/wp-json\/wp\/v2\/media\/57549"}],"wp:attachment":[{"href":"https:\/\/www.assistscholars.org\/cs\/wp-json\/wp\/v2\/media?parent=57548"}],"wp:term":[{"taxonomy":"category","embeddable":true,"href":"https:\/\/www.assistscholars.org\/cs\/wp-json\/wp\/v2\/categories?post=57548"},{"taxonomy":"post_tag","embeddable":true,"href":"https:\/\/www.assistscholars.org\/cs\/wp-json\/wp\/v2\/tags?post=57548"}],"curies":[{"name":"wp","href":"https:\/\/api.w.org\/{rel}","templated":true}]}}