{"id":57301,"date":"2022-04-05T12:08:00","date_gmt":"2022-04-05T16:08:00","guid":{"rendered":"https:\/\/www.assistscholars.org\/?p=57301"},"modified":"2024-11-22T12:16:07","modified_gmt":"2024-11-22T17:16:07","slug":"tortenetek-lengyelorszagbol-az-ukrajnai-haboru-alatt","status":"publish","type":"post","link":"https:\/\/www.assistscholars.org\/hu\/stories-from-poland-during-the-war-in-ukraine\/","title":{"rendered":"T\u00f6rt\u00e9netek Lengyelorsz\u00e1gb\u00f3l az ukrajnai h\u00e1bor\u00fa alatt"},"content":{"rendered":"<p>\u00e1prilis 5, 2022<\/p>\n\n\n\n<p>2022. \u00e1prilis 5. Az ukrajnai h\u00e1bor\u00fa mellett lehet\u0151s\u00e9g\u00fcnk ny\u00edlt arra, hogy az emberis\u00e9g egy f\u00e9nyesebb oldal\u00e1t l\u00e1ssuk - k\u00fcl\u00f6nb\u00f6z\u0151 h\u00e1tter\u0171 emberek \u00f6sszefognak, hogy seg\u00edtsenek a r\u00e1szorul\u00f3kon. Az ASSIST 2011 \u00f3ta van jelen Lengyelorsz\u00e1gban, \u00e9s az ASSIST k\u00f6z\u00f6ss\u00e9g\u00fcnk tagjai k\u00f6z\u00fcl sokan a humanit\u00e1rius seg\u00edts\u00e9gny\u00fajt\u00e1s frontvonal\u00e1ban...<\/p>\n\n\n\n<p><strong>Joanna Martyni-Orenowicz P \u201911, P \u201915, orsz\u00e1g koordin\u00e1tor<\/strong><\/p>\n\n\n\n<figure class=\"wp-block-image is-resized\" id=\"yui_3_17_2_1_1730131639968_67\"><img decoding=\"async\" src=\"https:\/\/images.squarespace-cdn.com\/content\/v1\/62044d0103ed5553947f0f96\/a0fdbba5-13f7-4b5a-96c6-bf44e3684458\/Unknown.jpg\" alt=\"\" style=\"width:232px;height:auto\"\/><\/figure>\n\n\n\n<p>\u201cA helyzet nagyon fesz\u00fclt. Sok \u00e1rut sz\u00e1ll\u00edtottam Ukrajn\u00e1b\u00f3l a r\u00e1szorul\u00f3k k\u00f6z\u00f6tt sz\u00e9tosztand\u00f3. A n\u0151, aki az \u00e9desany\u00e1mat \u00e1polta, ukr\u00e1n. Most egy m\u00e1sik csal\u00e1dn\u00e1l dolgozik, de kapcsolatban maradtunk. Nagyon neh\u00e9z id\u0151szakon megy kereszt\u00fcl, mivel a fia, aki 2 \u00e9vig egy lengyel gy\u00e1rban dolgozott, \u00fagy d\u00f6nt\u00f6tt, hogy visszamegy \u00e9s harcol a haz\u00e1j\u00e1\u00e9rt. Vigasztalom \u0151t, amennyire csak tudom, \u00e9s rem\u00e9lem, hogy j\u00f3 form\u00e1ban t\u00fal\u00e9li. Ez minden \u00e9desanya r\u00e9m\u00e1lma.\u201d<\/p>\n\n\n\n<p>***<\/p>\n\n\n\n<p><strong>Lena Nowaczek, ASSIST \u201921, Kingswood Oxford School<\/strong><\/p>\n\n\n\n<figure class=\"wp-block-image\" id=\"yui_3_17_2_1_1730131639968_86\"><img decoding=\"async\" src=\"https:\/\/images.squarespace-cdn.com\/content\/v1\/62044d0103ed5553947f0f96\/ec31ec07-b37a-4419-895d-75c498337eb3\/277703407_709273496739723_9166024223169441806_n.jpg\" alt=\"\"\/><\/figure>\n\n\n\n<p>\u201cEgy oxfordi nemzetk\u00f6zi iskol\u00e1ba j\u00e1rok, \u00edgy sok bar\u00e1tom ukr\u00e1n \u00e9s orosz sz\u00e1rmaz\u00e1s\u00fa. N\u00e9h\u00e1nyan k\u00f6z\u00fcl\u00fck k\u00e9sve t\u00e9rtek vissza a f\u00e9l\u00e9vi sz\u00fcnet ut\u00e1n, mert nem lehetett utazni. A k\u00f6vetkez\u0151 sz\u00fcnetre nem mennek haza, mert nincs hova hazamenni\u00fck. Vannak olyanok az iskol\u00e1nkban, akiknek az apjuk \u00fagy d\u00f6nt\u00f6tt, hogy Ukrajn\u00e1ban maradnak harcolni. K\u00f6z\u00f6ss\u00e9gk\u00e9nt pr\u00f3b\u00e1lunk r\u00e9szt venni, de nyilv\u00e1nval\u00f3an semmi sem enyh\u00edtheti a helyzet okozta f\u00e1jdalmukat \u00e9s f\u00e9lelm\u00fcket. A sz\u00fcleim Lengyelorsz\u00e1gban eddig 3 csal\u00e1dot fogadtak be Ukrajn\u00e1b\u00f3l. Sokan semmivel \u00e9rkeztek; se p\u00e9nz, se ruha, se tervek. Nagyon neh\u00e9z volt sz\u00e1mukra kital\u00e1lni, hogy most mihez kezdjenek.<\/p>\n\n\n\n<p>Vannak bar\u00e1taim is, akik \u00f6nk\u00e9ntesek voltak a lengyel-ukr\u00e1n hat\u00e1ron. \u0150k azt mondj\u00e1k, hogy nem voltak felk\u00e9sz\u00fclve a feladat ment\u00e1lis kih\u00edv\u00e1saira. Seg\u00edtettek, amennyire tudtak, de 3 nap ut\u00e1n hazaj\u00f6ttek, mert nem b\u00edrt\u00e1k n\u00e9zni ezt a sok trag\u00e9di\u00e1t.<\/p>\n\n\n\n<p>Ez a h\u00e1bor\u00fa al\u00e1\u00e1ssa azokat az \u00e9rt\u00e9keket, amelyeket \u00e9vek \u00f3ta \u00e9p\u00edt\u00fcnk. Nagyon neh\u00e9z v\u00e9gign\u00e9zni, ami t\u00f6rt\u00e9nik, \u00e9s el sem tudom k\u00e9pzelni, hogy mit \u00e9rezhetnek azok, akiket ez szem\u00e9lyesen \u00e9rint. B\u00edzzunk abban, hogy hamarosan gy\u0151z a b\u00e9ke.\u201d<\/p>\n\n\n\n<p>***<\/p>\n\n\n\n<p><strong>Ola Zolkowska, ASSIST \u201916, Wayland Academy<\/strong><\/p>\n\n\n\n<figure class=\"wp-block-image\" id=\"yui_3_17_2_1_1730131639968_95\"><img decoding=\"async\" src=\"https:\/\/images.squarespace-cdn.com\/content\/v1\/62044d0103ed5553947f0f96\/dde18f47-e971-41e9-aa0e-165a81895fe7\/Screen+Shot+2022-03-25+at+11.34.38+AM.png\" alt=\"\"\/><\/figure>\n\n\n\n<p>\u201cSoha nem fogom elfelejteni azt a napot, azt a cs\u00fct\u00f6rt\u00f6k reggelt, amikor \u00e9rtes\u00fcltem az Ukrajna elleni orosz t\u00e1mad\u00e1sr\u00f3l. Ami tal\u00e1n nevets\u00e9gesen hangzik, az az, hogy egy m\u00e9mb\u0151l \u00e9rtes\u00fcltem r\u00f3la. Egy ideje m\u00e1r nem k\u00f6vetem a m\u00e9di\u00e1t, mivel a vil\u00e1gj\u00e1rv\u00e1ny \u00e9s a lengyel korm\u00e1nyr\u00f3l sz\u00f3l\u00f3 egy\u00e9b kellemetlen h\u00edrek t\u00e9m\u00e1inak t\u00faltel\u00edtetts\u00e9ge nem csak elszomor\u00edtott, de szorongatott is, ez\u00e9rt egy ideje \u00fagy d\u00f6nt\u00f6ttem, hogy az \u00f6sszes m\u00e9di\u00e1t lek\u00f6sz\u00f6ntetem, \u00e9s k\u00f6ly\u00f6kkuty\u00e1s tartalomra cser\u00e9lem.&nbsp;<\/p>\n\n\n\n<p>Amikor megl\u00e1ttam a m\u00e9meket, tudtam, hogy valami nagyon komoly dolog t\u00f6rt\u00e9nhetett, mert a m\u00e9mek csak valamikor a \u201cnagy\u201d esem\u00e9nyek ut\u00e1n jelennek meg. Ez a mostani reggel jelent meg. Azonnal megn\u00e9ztem az els\u0151 cikket, amit a neten tal\u00e1ltam, \u00e9s nem hittem el, amit olvastam, \u00edgy csak olvastam \u00e9s olvastam \u00e9s olvastam, \u00e9s v\u00e9g\u00fcl elk\u00e9stem a munk\u00e1b\u00f3l.<\/p>\n\n\n\n<p>Ez volt az egyik legnehezebb nap sz\u00e1momra, amikor semmire sem tudtam koncentr\u00e1lni, annyira sz\u00fcrre\u00e1lis volt sz\u00e1momra a sz\u00e1mokr\u00f3l, piaci r\u00e9szesed\u00e9sekr\u0151l, Excel-t\u00e1bl\u00e1zatokr\u00f3l besz\u00e9lni, mik\u00f6zben ukr\u00e1n szomsz\u00e9dainkat t\u00e1mad\u00e1s \u00e9rte. Senki sem tudott semmire sem koncentr\u00e1lni. A munk\u00e1nk annyira \u00e9rtelmetlennek t\u0171nt.<\/p>\n\n\n\n<p>A k\u00f6vetkez\u0151 napok csak rosszabbak voltak. Eleinte tagadtuk a dolgot. Azt hitt\u00fck, hogy ez csak egy rossz \u00e1lom, amib\u0151l majd m\u00e1snap fel\u00e9bred\u00fcnk. De ez folytat\u00f3dott, \u00e9s ez t\u00f6rt\u00e9nik a mai napig, a 21. sz\u00e1zadban. M\u00e9g mindig nem tudjuk felfogni, hogy ez h\u00e1bor\u00fa, igazi h\u00e1bor\u00fa.&nbsp;<\/p>\n\n\n\n<p>Egy h\u00e9ttel azut\u00e1n, hogy ez elkezd\u0151d\u00f6tt, \u00e9n \u00e9s a bar\u00e1taim a tagad\u00e1sb\u00f3l teljes mozg\u00f3s\u00edt\u00e1sba kezdt\u00fcnk, mivel egyre t\u00f6bb ukrajnai ember kezdett r\u00e1j\u00f6nni, hogy ez t\u00e9nyleg megt\u00f6rt\u00e9nt, \u00e9s elkezdtek Lengyelorsz\u00e1gba j\u00f6nni mened\u00e9kjogot k\u00e9rni. Egyetlen h\u00e9tv\u00e9ge alatt t\u00f6bb tonna doboznyi, a hat\u00e1ron sz\u00fcks\u00e9ges sz\u00fcks\u00e9gleti cikket szervezt\u00fcnk. Mindenhonnan \u00e9rkezett seg\u00edts\u00e9g, amint elkezdt\u00fcnk posztolni az Instagramon. A lengyel instagram tombolt a posztokt\u00f3l, hogy mire van sz\u00fcks\u00e9g, hova kell sz\u00e1ll\u00edtani, ki megy a hat\u00e1rra sz\u00e1ll\u00edtani. Olyan volt, mint egy nagy \u00fczeneth\u00e1l\u00f3, ami napr\u00f3l napra csak n\u0151tt \u00e9s n\u0151tt - egyre t\u00f6bb poszt a seg\u00edts\u00e9gr\u0151l, amire sz\u00fcks\u00e9g van, egyre t\u00f6bb ember keresett lak\u00e1st, sz\u00e1ll\u00edt\u00e1st, kereste a csal\u00e1dj\u00e1t, a h\u00e1zi\u00e1llatait, mindent. Az Instagram felrobbant az emberek kedvess\u00e9g\u00e9t\u0151l \u00e9s seg\u00edt\u0151k\u00e9szs\u00e9g\u00e9t\u0151l.<\/p>\n\n\n\n<p>Mindent \u00f6sszegy\u0171jt\u00f6tt\u00fcnk a ruh\u00e1kt\u00f3l kezdve a gy\u00f3gyszereken \u00e1t az \u00e1llatsz\u00e1ll\u00edt\u00f3 ketrecekig, \u00e9s nagy sz\u00e1ll\u00edt\u00f3aut\u00f3kkal vitt\u00fck a speci\u00e1lis ellen\u0151rz\u0151 pontokhoz, hogy a hat\u00e1rra sz\u00e1ll\u00edtsuk. Szervezt\u00fcnk egy 30 f\u0151s bar\u00e1ti csoportot is, akiknek aut\u00f3ik voltak, hogy a hat\u00e1rr\u00f3l hozz\u00e1k a menek\u00fclteket. T\u00f6bb mint 9 aut\u00f3val egy h\u00e9tv\u00e9ge alatt t\u00f6bb mint 2000 embert sz\u00e1ll\u00edtottunk. Folyamatosan telefon\u00e1ltunk, hogy ellen\u0151rizz\u00fck a rendelkez\u00e9sre \u00e1ll\u00f3 mened\u00e9khelyeket, lak\u00e1sokat \u00e9s csal\u00e1dokat, akik hajland\u00f3ak voltak befogadni ukr\u00e1n testv\u00e9reinket. Tehetetlennek is \u00e9rezt\u00fck magunkat, mert ott a hat\u00e1ron, l\u00e1tva a hidegben foltosod\u00f3 t\u00f6bb ezer embert, f\u0151leg any\u00e1kat gyerekekkel, mindenkinek szerett\u00fcnk volna seg\u00edteni, de nem tudtunk. Azonban napr\u00f3l napra egyre t\u00f6bb \u00f6nk\u00e9ntes jelentkezett, \u00e9s mindannyian igyekezt\u00fcnk mindent megtenni, hogy min\u00e9l t\u00f6bb emberen seg\u00edts\u00fcnk.&nbsp;&nbsp;<\/p>\n\n\n\n<p>Az egyik vars\u00f3i p\u00e1rtklubban egy ideiglenes menek\u00fcltk\u00f6zpontot is szervezt\u00fcnk. Matracokat, leped\u0151ket \u00e9s \u00e9lelmiszert v\u00e1s\u00e1roltunk. Naponta 50 embert tudtunk befogadni, akik kiutal\u00e1sra v\u00e1rtak, vagy arra, hogy m\u00e1sok elvigy\u00e9k \u0151ket valahov\u00e1, ahol ez lehets\u00e9ges. Voltak nagycsal\u00e1dok gyerekekkel, k\u00f6zt\u00fck afg\u00e1n \u00e9s sz\u00edr f\u00e9rfiak, akiket m\u00e1s k\u00f6zpontok nem fogadtak be. Az egyik legmeghat\u00f3bb pillanat, amit \u00e1t\u00e9ltem, amikor egy id\u0151s f\u00e9rfi azt mondta, hogy 2 hete nem zuhanyozott, \u00e9s amikor megmutattam neki a zuhanyz\u00f3t, elkezdte cs\u00f3kolgatni a kezemet, \u00e9s s\u00edrt a h\u00e1l\u00e1t\u00f3l. Sz\u00edvszor\u00edt\u00f3 volt.&nbsp;<\/p>\n\n\n\n<p>Annyira neh\u00e9z \u00f6sszefoglalni ak\u00e1r csak egy tized\u00e9t is annak, ami az ut\u00f3bbi id\u0151ben t\u00f6rt\u00e9nt, mert m\u00e9g mindig minden olyan irre\u00e1lisnak t\u0171nik. M\u00e9g mindig nem tudjuk elhinni, hogy ilyen kegyetlens\u00e9g \u00e9s az emberi jogok ilyen m\u00e9rt\u00e9k\u0171 megs\u00e9rt\u00e9se lehets\u00e9ges, m\u00e9gis a k\u00f6zvetlen k\u00f6zel\u00fcnkben t\u00f6rt\u00e9nik. Csak a szerencse, hogy nem mi voltunk, b\u00e1rki lehetett volna. Az ukr\u00e1nok egy szempillant\u00e1s alatt elvesztett\u00e9k minden vagyonukat, minden megtakar\u00edt\u00e1sukat, otthonukat, \u00e9s ez b\u00e1rmelyik\u00fcnk lehetett volna. Ez\u00e9rt minden nap seg\u00edt\u00fcnk, amennyire csak tudunk. Ez nagyon neh\u00e9z, de a menek\u00fclteknek m\u00e9g nehezebb. Az emberek m\u00e9g mindig nincsenek ment\u00e1lisan felk\u00e9sz\u00fclve a vil\u00e1gj\u00e1rv\u00e1ny ut\u00e1n, \u00e9s \u00fajabb traum\u00e1n kell kereszt\u00fclmenni\u00fck. Ami v\u00e1ltozott, az az, hogy az emberek Lengyelorsz\u00e1gban egys\u00e9gesebbek, jobban, mint valaha.\u201d<\/p>","protected":false},"excerpt":{"rendered":"<p>2022. \u00e1prilis 5. Az ukrajnai h\u00e1bor\u00fa mellett lehet\u0151s\u00e9g\u00fcnk ny\u00edlt arra, hogy az emberis\u00e9g egy f\u00e9nyesebb oldal\u00e1t l\u00e1ssuk - k\u00fcl\u00f6nb\u00f6z\u0151 h\u00e1tter\u0171 emberek \u00f6sszefognak, hogy seg\u00edtsenek a r\u00e1szorul\u00f3kon. Az ASSIST 2011 \u00f3ta van jelen Lengyelorsz\u00e1gban, \u00e9s az ASSIST k\u00f6z\u00f6ss\u00e9g\u00fcnk tagjai k\u00f6z\u00fcl sokan a humanit\u00e1rius seg\u00edts\u00e9gny\u00fajt\u00e1s frontvonal\u00e1ban...<\/p>","protected":false},"author":8,"featured_media":57386,"comment_status":"closed","ping_status":"open","sticky":false,"template":"","format":"standard","meta":{"_acf_changed":false,"inline_featured_image":false,"_monsterinsights_skip_tracking":false,"_monsterinsights_sitenote_active":false,"_monsterinsights_sitenote_note":"","_monsterinsights_sitenote_category":0,"footnotes":""},"categories":[135],"tags":[],"class_list":["post-57301","post","type-post","status-publish","format-standard","has-post-thumbnail","hentry","category-blog"],"acf":[],"yoast_head":"<!-- This site is optimized with the Yoast SEO plugin v27.4 - https:\/\/yoast.com\/product\/yoast-seo-wordpress\/ -->\n<title>Stories from Poland during the War in Ukraine | ASSIST Scholars<\/title>\n<meta name=\"description\" content=\"Check our latest blog article: Stories from Poland during the War in Ukraine - at ASSIST Scholars\" \/>\n<meta name=\"robots\" content=\"index, follow, max-snippet:-1, max-image-preview:large, max-video-preview:-1\" \/>\n<link rel=\"canonical\" href=\"https:\/\/www.assistscholars.org\/hu\/tortenetek-lengyelorszagbol-az-ukrajnai-haboru-alatt\/\" \/>\n<meta property=\"og:locale\" content=\"hu_HU\" \/>\n<meta property=\"og:type\" content=\"article\" \/>\n<meta property=\"og:title\" content=\"Stories from Poland during the War in Ukraine | ASSIST Scholars\" \/>\n<meta property=\"og:description\" content=\"Check our latest blog article: Stories from Poland during the War in Ukraine - at ASSIST Scholars\" \/>\n<meta property=\"og:url\" content=\"https:\/\/www.assistscholars.org\/hu\/tortenetek-lengyelorszagbol-az-ukrajnai-haboru-alatt\/\" \/>\n<meta property=\"og:site_name\" content=\"ASSIST Scholars\" \/>\n<meta property=\"article:publisher\" content=\"https:\/\/www.facebook.com\/ASSISTscholars\" \/>\n<meta property=\"article:published_time\" content=\"2022-04-05T16:08:00+00:00\" \/>\n<meta property=\"article:modified_time\" content=\"2024-11-22T17:16:07+00:00\" \/>\n<meta property=\"og:image\" content=\"https:\/\/www.assistscholars.org\/wp-content\/uploads\/2022\/04\/Stories-from-Poland-during-the-War-in-Ukraine-Updated.png\" \/>\n\t<meta property=\"og:image:width\" content=\"1334\" \/>\n\t<meta property=\"og:image:height\" content=\"889\" \/>\n\t<meta property=\"og:image:type\" content=\"image\/png\" \/>\n<meta name=\"author\" content=\"Spencer O&#039;Brien\" \/>\n<meta name=\"twitter:card\" content=\"summary_large_image\" \/>\n<meta name=\"twitter:label1\" content=\"Szerz\u0151:\" \/>\n\t<meta name=\"twitter:data1\" content=\"Spencer O&#039;Brien\" \/>\n\t<meta name=\"twitter:label2\" content=\"Becs\u00fclt olvas\u00e1si id\u0151\" \/>\n\t<meta name=\"twitter:data2\" content=\"6 perc\" \/>\n<script type=\"application\/ld+json\" class=\"yoast-schema-graph\">{\"@context\":\"https:\\\/\\\/schema.org\",\"@graph\":[{\"@type\":\"Article\",\"@id\":\"https:\\\/\\\/www.assistscholars.org\\\/stories-from-poland-during-the-war-in-ukraine\\\/#article\",\"isPartOf\":{\"@id\":\"https:\\\/\\\/www.assistscholars.org\\\/stories-from-poland-during-the-war-in-ukraine\\\/\"},\"author\":{\"name\":\"Spencer O'Brien\",\"@id\":\"https:\\\/\\\/www.assistscholars.org\\\/#\\\/schema\\\/person\\\/ef26879f6747c00a9d5069b3163b8105\"},\"headline\":\"Stories from Poland during the War in Ukraine\",\"datePublished\":\"2022-04-05T16:08:00+00:00\",\"dateModified\":\"2024-11-22T17:16:07+00:00\",\"mainEntityOfPage\":{\"@id\":\"https:\\\/\\\/www.assistscholars.org\\\/stories-from-poland-during-the-war-in-ukraine\\\/\"},\"wordCount\":1176,\"publisher\":{\"@id\":\"https:\\\/\\\/www.assistscholars.org\\\/#organization\"},\"image\":{\"@id\":\"https:\\\/\\\/www.assistscholars.org\\\/stories-from-poland-during-the-war-in-ukraine\\\/#primaryimage\"},\"thumbnailUrl\":\"https:\\\/\\\/www.assistscholars.org\\\/wp-content\\\/uploads\\\/2022\\\/04\\\/Stories-from-Poland-during-the-War-in-Ukraine-Updated.png\",\"articleSection\":[\"Blog Post\"],\"inLanguage\":\"hu\"},{\"@type\":\"WebPage\",\"@id\":\"https:\\\/\\\/www.assistscholars.org\\\/stories-from-poland-during-the-war-in-ukraine\\\/\",\"url\":\"https:\\\/\\\/www.assistscholars.org\\\/stories-from-poland-during-the-war-in-ukraine\\\/\",\"name\":\"Stories from Poland during the War in Ukraine | ASSIST Scholars\",\"isPartOf\":{\"@id\":\"https:\\\/\\\/www.assistscholars.org\\\/#website\"},\"primaryImageOfPage\":{\"@id\":\"https:\\\/\\\/www.assistscholars.org\\\/stories-from-poland-during-the-war-in-ukraine\\\/#primaryimage\"},\"image\":{\"@id\":\"https:\\\/\\\/www.assistscholars.org\\\/stories-from-poland-during-the-war-in-ukraine\\\/#primaryimage\"},\"thumbnailUrl\":\"https:\\\/\\\/www.assistscholars.org\\\/wp-content\\\/uploads\\\/2022\\\/04\\\/Stories-from-Poland-during-the-War-in-Ukraine-Updated.png\",\"datePublished\":\"2022-04-05T16:08:00+00:00\",\"dateModified\":\"2024-11-22T17:16:07+00:00\",\"description\":\"Check our latest blog article: Stories from Poland during the War in Ukraine - at ASSIST Scholars\",\"breadcrumb\":{\"@id\":\"https:\\\/\\\/www.assistscholars.org\\\/stories-from-poland-during-the-war-in-ukraine\\\/#breadcrumb\"},\"inLanguage\":\"hu\",\"potentialAction\":[{\"@type\":\"ReadAction\",\"target\":[\"https:\\\/\\\/www.assistscholars.org\\\/stories-from-poland-during-the-war-in-ukraine\\\/\"]}]},{\"@type\":\"ImageObject\",\"inLanguage\":\"hu\",\"@id\":\"https:\\\/\\\/www.assistscholars.org\\\/stories-from-poland-during-the-war-in-ukraine\\\/#primaryimage\",\"url\":\"https:\\\/\\\/www.assistscholars.org\\\/wp-content\\\/uploads\\\/2022\\\/04\\\/Stories-from-Poland-during-the-War-in-Ukraine-Updated.png\",\"contentUrl\":\"https:\\\/\\\/www.assistscholars.org\\\/wp-content\\\/uploads\\\/2022\\\/04\\\/Stories-from-Poland-during-the-War-in-Ukraine-Updated.png\",\"width\":1334,\"height\":889,\"caption\":\"Stories from Poland during the Ukraine War\"},{\"@type\":\"BreadcrumbList\",\"@id\":\"https:\\\/\\\/www.assistscholars.org\\\/stories-from-poland-during-the-war-in-ukraine\\\/#breadcrumb\",\"itemListElement\":[{\"@type\":\"ListItem\",\"position\":1,\"name\":\"Home\",\"item\":\"https:\\\/\\\/www.assistscholars.org\\\/\"},{\"@type\":\"ListItem\",\"position\":2,\"name\":\"Stories from Poland during the War in Ukraine\"}]},{\"@type\":\"WebSite\",\"@id\":\"https:\\\/\\\/www.assistscholars.org\\\/#website\",\"url\":\"https:\\\/\\\/www.assistscholars.org\\\/\",\"name\":\"ASSIST Scholars\",\"description\":\"Connecting America&#039;s finest schools with the world&#039;s leading scholars\",\"publisher\":{\"@id\":\"https:\\\/\\\/www.assistscholars.org\\\/#organization\"},\"alternateName\":\"Connecting America's finest schools with the world's leading scholars\",\"potentialAction\":[{\"@type\":\"SearchAction\",\"target\":{\"@type\":\"EntryPoint\",\"urlTemplate\":\"https:\\\/\\\/www.assistscholars.org\\\/?s={search_term_string}\"},\"query-input\":{\"@type\":\"PropertyValueSpecification\",\"valueRequired\":true,\"valueName\":\"search_term_string\"}}],\"inLanguage\":\"hu\"},{\"@type\":\"Organization\",\"@id\":\"https:\\\/\\\/www.assistscholars.org\\\/#organization\",\"name\":\"ASSIST Scholars\",\"alternateName\":\"Connecting exceptional international students with leading private high schools in North America\",\"url\":\"https:\\\/\\\/www.assistscholars.org\\\/\",\"logo\":{\"@type\":\"ImageObject\",\"inLanguage\":\"hu\",\"@id\":\"https:\\\/\\\/www.assistscholars.org\\\/#\\\/schema\\\/logo\\\/image\\\/\",\"url\":\"https:\\\/\\\/www.assistscholars.org\\\/wp-content\\\/uploads\\\/2025\\\/09\\\/logo-stacked.svg\",\"contentUrl\":\"https:\\\/\\\/www.assistscholars.org\\\/wp-content\\\/uploads\\\/2025\\\/09\\\/logo-stacked.svg\",\"width\":768,\"height\":768,\"caption\":\"ASSIST Scholars\"},\"image\":{\"@id\":\"https:\\\/\\\/www.assistscholars.org\\\/#\\\/schema\\\/logo\\\/image\\\/\"},\"sameAs\":[\"https:\\\/\\\/www.facebook.com\\\/ASSISTscholars\",\"https:\\\/\\\/www.instagram.com\\\/assistscholars\"]},{\"@type\":\"Person\",\"@id\":\"https:\\\/\\\/www.assistscholars.org\\\/#\\\/schema\\\/person\\\/ef26879f6747c00a9d5069b3163b8105\",\"name\":\"Spencer O'Brien\",\"image\":{\"@type\":\"ImageObject\",\"inLanguage\":\"hu\",\"@id\":\"https:\\\/\\\/secure.gravatar.com\\\/avatar\\\/0959bf01d963fd622501b4d0b12d6036f62678b1ef4a6192af6fe07b4855989a?s=96&d=mm&r=g\",\"url\":\"https:\\\/\\\/secure.gravatar.com\\\/avatar\\\/0959bf01d963fd622501b4d0b12d6036f62678b1ef4a6192af6fe07b4855989a?s=96&d=mm&r=g\",\"contentUrl\":\"https:\\\/\\\/secure.gravatar.com\\\/avatar\\\/0959bf01d963fd622501b4d0b12d6036f62678b1ef4a6192af6fe07b4855989a?s=96&d=mm&r=g\",\"caption\":\"Spencer O'Brien\"},\"url\":\"https:\\\/\\\/www.assistscholars.org\\\/hu\\\/author\\\/spencer\\\/\"}]}<\/script>\n<!-- \/ Yoast SEO plugin. -->","yoast_head_json":{"title":"T\u00f6rt\u00e9netek Lengyelorsz\u00e1gb\u00f3l az ukrajnai h\u00e1bor\u00fa idej\u00e9n | ASSIST Scholars","description":"N\u00e9zze meg leg\u00fajabb blogcikk\u00fcnket: Lengyelorsz\u00e1gi t\u00f6rt\u00e9netek az ukrajnai h\u00e1bor\u00fa idej\u00e9n - az ASSIST Scholars oldalon.","robots":{"index":"index","follow":"follow","max-snippet":"max-snippet:-1","max-image-preview":"max-image-preview:large","max-video-preview":"max-video-preview:-1"},"canonical":"https:\/\/www.assistscholars.org\/hu\/tortenetek-lengyelorszagbol-az-ukrajnai-haboru-alatt\/","og_locale":"hu_HU","og_type":"article","og_title":"Stories from Poland during the War in Ukraine | ASSIST Scholars","og_description":"Check our latest blog article: Stories from Poland during the War in Ukraine - at ASSIST Scholars","og_url":"https:\/\/www.assistscholars.org\/hu\/tortenetek-lengyelorszagbol-az-ukrajnai-haboru-alatt\/","og_site_name":"ASSIST Scholars","article_publisher":"https:\/\/www.facebook.com\/ASSISTscholars","article_published_time":"2022-04-05T16:08:00+00:00","article_modified_time":"2024-11-22T17:16:07+00:00","og_image":[{"width":1334,"height":889,"url":"https:\/\/www.assistscholars.org\/wp-content\/uploads\/2022\/04\/Stories-from-Poland-during-the-War-in-Ukraine-Updated.png","type":"image\/png"}],"author":"Spencer O'Brien","twitter_card":"summary_large_image","twitter_misc":{"Szerz\u0151:":"Spencer O'Brien","Becs\u00fclt olvas\u00e1si id\u0151":"6 perc"},"schema":{"@context":"https:\/\/schema.org","@graph":[{"@type":"Article","@id":"https:\/\/www.assistscholars.org\/stories-from-poland-during-the-war-in-ukraine\/#article","isPartOf":{"@id":"https:\/\/www.assistscholars.org\/stories-from-poland-during-the-war-in-ukraine\/"},"author":{"name":"Spencer O'Brien","@id":"https:\/\/www.assistscholars.org\/#\/schema\/person\/ef26879f6747c00a9d5069b3163b8105"},"headline":"Stories from Poland during the War in Ukraine","datePublished":"2022-04-05T16:08:00+00:00","dateModified":"2024-11-22T17:16:07+00:00","mainEntityOfPage":{"@id":"https:\/\/www.assistscholars.org\/stories-from-poland-during-the-war-in-ukraine\/"},"wordCount":1176,"publisher":{"@id":"https:\/\/www.assistscholars.org\/#organization"},"image":{"@id":"https:\/\/www.assistscholars.org\/stories-from-poland-during-the-war-in-ukraine\/#primaryimage"},"thumbnailUrl":"https:\/\/www.assistscholars.org\/wp-content\/uploads\/2022\/04\/Stories-from-Poland-during-the-War-in-Ukraine-Updated.png","articleSection":["Blog Post"],"inLanguage":"hu"},{"@type":"WebPage","@id":"https:\/\/www.assistscholars.org\/stories-from-poland-during-the-war-in-ukraine\/","url":"https:\/\/www.assistscholars.org\/stories-from-poland-during-the-war-in-ukraine\/","name":"T\u00f6rt\u00e9netek Lengyelorsz\u00e1gb\u00f3l az ukrajnai h\u00e1bor\u00fa idej\u00e9n | ASSIST Scholars","isPartOf":{"@id":"https:\/\/www.assistscholars.org\/#website"},"primaryImageOfPage":{"@id":"https:\/\/www.assistscholars.org\/stories-from-poland-during-the-war-in-ukraine\/#primaryimage"},"image":{"@id":"https:\/\/www.assistscholars.org\/stories-from-poland-during-the-war-in-ukraine\/#primaryimage"},"thumbnailUrl":"https:\/\/www.assistscholars.org\/wp-content\/uploads\/2022\/04\/Stories-from-Poland-during-the-War-in-Ukraine-Updated.png","datePublished":"2022-04-05T16:08:00+00:00","dateModified":"2024-11-22T17:16:07+00:00","description":"N\u00e9zze meg leg\u00fajabb blogcikk\u00fcnket: Lengyelorsz\u00e1gi t\u00f6rt\u00e9netek az ukrajnai h\u00e1bor\u00fa idej\u00e9n - az ASSIST Scholars oldalon.","breadcrumb":{"@id":"https:\/\/www.assistscholars.org\/stories-from-poland-during-the-war-in-ukraine\/#breadcrumb"},"inLanguage":"hu","potentialAction":[{"@type":"ReadAction","target":["https:\/\/www.assistscholars.org\/stories-from-poland-during-the-war-in-ukraine\/"]}]},{"@type":"ImageObject","inLanguage":"hu","@id":"https:\/\/www.assistscholars.org\/stories-from-poland-during-the-war-in-ukraine\/#primaryimage","url":"https:\/\/www.assistscholars.org\/wp-content\/uploads\/2022\/04\/Stories-from-Poland-during-the-War-in-Ukraine-Updated.png","contentUrl":"https:\/\/www.assistscholars.org\/wp-content\/uploads\/2022\/04\/Stories-from-Poland-during-the-War-in-Ukraine-Updated.png","width":1334,"height":889,"caption":"Stories from Poland during the Ukraine War"},{"@type":"BreadcrumbList","@id":"https:\/\/www.assistscholars.org\/stories-from-poland-during-the-war-in-ukraine\/#breadcrumb","itemListElement":[{"@type":"ListItem","position":1,"name":"Home","item":"https:\/\/www.assistscholars.org\/"},{"@type":"ListItem","position":2,"name":"Stories from Poland during the War in Ukraine"}]},{"@type":"WebSite","@id":"https:\/\/www.assistscholars.org\/#website","url":"https:\/\/www.assistscholars.org\/","name":"ASSIST \u00f6szt\u00f6nd\u00edjasok","description":"Amerika legjobb iskol\u00e1inak \u00f6sszekapcsol\u00e1sa a vil\u00e1g vezet\u0151 tud\u00f3saival","publisher":{"@id":"https:\/\/www.assistscholars.org\/#organization"},"alternateName":"Connecting America's finest schools with the world's leading scholars","potentialAction":[{"@type":"SearchAction","target":{"@type":"EntryPoint","urlTemplate":"https:\/\/www.assistscholars.org\/?s={search_term_string}"},"query-input":{"@type":"PropertyValueSpecification","valueRequired":true,"valueName":"search_term_string"}}],"inLanguage":"hu"},{"@type":"Organization","@id":"https:\/\/www.assistscholars.org\/#organization","name":"ASSIST \u00f6szt\u00f6nd\u00edjasok","alternateName":"Connecting exceptional international students with leading private high schools in North America","url":"https:\/\/www.assistscholars.org\/","logo":{"@type":"ImageObject","inLanguage":"hu","@id":"https:\/\/www.assistscholars.org\/#\/schema\/logo\/image\/","url":"https:\/\/www.assistscholars.org\/wp-content\/uploads\/2025\/09\/logo-stacked.svg","contentUrl":"https:\/\/www.assistscholars.org\/wp-content\/uploads\/2025\/09\/logo-stacked.svg","width":768,"height":768,"caption":"ASSIST Scholars"},"image":{"@id":"https:\/\/www.assistscholars.org\/#\/schema\/logo\/image\/"},"sameAs":["https:\/\/www.facebook.com\/ASSISTscholars","https:\/\/www.instagram.com\/assistscholars"]},{"@type":"Person","@id":"https:\/\/www.assistscholars.org\/#\/schema\/person\/ef26879f6747c00a9d5069b3163b8105","name":"Spencer O'Brien","image":{"@type":"ImageObject","inLanguage":"hu","@id":"https:\/\/secure.gravatar.com\/avatar\/0959bf01d963fd622501b4d0b12d6036f62678b1ef4a6192af6fe07b4855989a?s=96&d=mm&r=g","url":"https:\/\/secure.gravatar.com\/avatar\/0959bf01d963fd622501b4d0b12d6036f62678b1ef4a6192af6fe07b4855989a?s=96&d=mm&r=g","contentUrl":"https:\/\/secure.gravatar.com\/avatar\/0959bf01d963fd622501b4d0b12d6036f62678b1ef4a6192af6fe07b4855989a?s=96&d=mm&r=g","caption":"Spencer O'Brien"},"url":"https:\/\/www.assistscholars.org\/hu\/author\/spencer\/"}]}},"_links":{"self":[{"href":"https:\/\/www.assistscholars.org\/hu\/wp-json\/wp\/v2\/posts\/57301","targetHints":{"allow":["GET"]}}],"collection":[{"href":"https:\/\/www.assistscholars.org\/hu\/wp-json\/wp\/v2\/posts"}],"about":[{"href":"https:\/\/www.assistscholars.org\/hu\/wp-json\/wp\/v2\/types\/post"}],"author":[{"embeddable":true,"href":"https:\/\/www.assistscholars.org\/hu\/wp-json\/wp\/v2\/users\/8"}],"replies":[{"embeddable":true,"href":"https:\/\/www.assistscholars.org\/hu\/wp-json\/wp\/v2\/comments?post=57301"}],"version-history":[{"count":0,"href":"https:\/\/www.assistscholars.org\/hu\/wp-json\/wp\/v2\/posts\/57301\/revisions"}],"wp:featuredmedia":[{"embeddable":true,"href":"https:\/\/www.assistscholars.org\/hu\/wp-json\/wp\/v2\/media\/57386"}],"wp:attachment":[{"href":"https:\/\/www.assistscholars.org\/hu\/wp-json\/wp\/v2\/media?parent=57301"}],"wp:term":[{"taxonomy":"category","embeddable":true,"href":"https:\/\/www.assistscholars.org\/hu\/wp-json\/wp\/v2\/categories?post=57301"},{"taxonomy":"post_tag","embeddable":true,"href":"https:\/\/www.assistscholars.org\/hu\/wp-json\/wp\/v2\/tags?post=57301"}],"curies":[{"name":"wp","href":"https:\/\/api.w.org\/{rel}","templated":true}]}}